{"id":9987,"date":"2025-06-04T20:31:44","date_gmt":"2025-06-04T20:31:44","guid":{"rendered":"https:\/\/www.comunidadcalatayud.com\/?p=9987"},"modified":"2025-06-04T20:31:44","modified_gmt":"2025-06-04T20:31:44","slug":"miembros-de-la-comarca-comunidad-de-calatayud-mantienen-reunion-en-madrid-con-el-resto-de-socios-del-proyecto-innova-experiencia-andalusi-y-del-ministerio-de-turismo","status":"publish","type":"post","link":"https:\/\/www.comunidadcalatayud.com\/index.php\/2025\/06\/04\/miembros-de-la-comarca-comunidad-de-calatayud-mantienen-reunion-en-madrid-con-el-resto-de-socios-del-proyecto-innova-experiencia-andalusi-y-del-ministerio-de-turismo\/","title":{"rendered":"Miembros de la Comarca Comunidad de Calatayud mantienen reuni\u00f3n en Madrid con el resto de socios del Proyecto Innova Experiencia Andalus\u00ed y del Ministerio de Turismo"},"content":{"rendered":"<p>El evento celebrado el 3 de junio en Casa \u00c1rabe en Madrid, ha reunido a representantes institucionales de Ministerio de Turismo, gobiernos locales y regionales.<\/p>\n<p>El proyecto \u201cExperiencia Andalus\u00ed\u201d ha presentado en la sede de Casa \u00c1rabe en Madrid los resultados de las actuaciones acometidas desde mayo de 2023, llevadas a cabo gracias a los fondos Next Generation EU recibidos como parte del Programa \u201cExperiencias de Turismo Espa\u00f1a\u201d 2021 del Ministerio de Industria y Turismo en el marco del Plan de Recuperaci\u00f3n, Transformaci\u00f3n y Resiliencia del Gobierno de Espa\u00f1a. El proyecto ha contado con una financiaci\u00f3n global de 1.003.800 \u20ac.<\/p>\n<p>Representantes institucionales e integrantes de la Agrupaci\u00f3n Innova Experiencia Andalus\u00ed \u2014entre ellos, la Comarca Comunidad de Calatayud\u2014 entidad que ha puesto en marcha el proyecto, han podido relatar las acciones acometidas, as\u00ed como los retos a los que se enfrentan y los objetivos de futuro. Ignacio Marcuello, presidente de la Comunidad de Calatayud, y Jos\u00e9 F\u00e9lix Lajusticia, vicepresidente y Consejero de Turismo, participaron en la jornada.<\/p>\n<p><img loading=\"lazy\" decoding=\"async\" class=\"wp-image-9985 aligncenter\" src=\"https:\/\/www.comunidadcalatayud.com\/wp-content\/uploads\/2025\/06\/1749039676731-002-scaled.jpg\" alt=\"\" width=\"398\" height=\"298\" srcset=\"https:\/\/www.comunidadcalatayud.com\/wp-content\/uploads\/2025\/06\/1749039676731-002-scaled.jpg 2560w, https:\/\/www.comunidadcalatayud.com\/wp-content\/uploads\/2025\/06\/1749039676731-002-300x225.jpg 300w, https:\/\/www.comunidadcalatayud.com\/wp-content\/uploads\/2025\/06\/1749039676731-002-1024x768.jpg 1024w, https:\/\/www.comunidadcalatayud.com\/wp-content\/uploads\/2025\/06\/1749039676731-002-768x576.jpg 768w, https:\/\/www.comunidadcalatayud.com\/wp-content\/uploads\/2025\/06\/1749039676731-002-600x450.jpg 600w, https:\/\/www.comunidadcalatayud.com\/wp-content\/uploads\/2025\/06\/1749039676731-002-1536x1152.jpg 1536w, https:\/\/www.comunidadcalatayud.com\/wp-content\/uploads\/2025\/06\/1749039676731-002-2048x1536.jpg 2048w\" sizes=\"auto, (max-width: 398px) 100vw, 398px\" \/><\/p>\n<p>En su discurso de apertura, Miguel Moro Aguilar, director general de Casa \u00c1rabe, ha apelado a la necesidad de iniciativas que, como \u00e9sta, \u201cpongan en valor la herencia del legado andalus\u00ed a la vez que se promueve la diversificaci\u00f3n del turismo para dar a conocer otras realidades de lo que es Espa\u00f1a\u201d. Para Moro Aguilar, la relevancia de este proyecto reside en que \u201ccoincide con los objetivos del Gobierno de revitalizar la \u201cEspa\u00f1a interior\u201d y poner en valor su diversidad a lo largo de la historia\u201d.<\/p>\n<p>Por su parte, la portavoz de la Agrupaci\u00f3n Innova Experiencia Andalus\u00ed, cofundadora y directora de Desarrollo de Let\u2019s Go Halal, Flora S\u00e1ez, ha remarcado que el objetivo del proyecto ha sido siempre \u201ccrear, mejorar y renovar experiencias tur\u00edsticas a partir de este patrimonio material e inmaterial en sentido amplio, atendiendo a los perfiles variados de turistas especialmente interesados en \u00e9l\u201d, y muy especialmente en los turistas provenientes de pa\u00edses \u00e1rabes y musulmanes. \u201cEs sorprendente que un patrimonio tan importante como el andalus\u00ed, que es un elemento distintivo de nuestro pa\u00eds sin igual en Europa, es, salvo grandes iconos, desconocido, est\u00e1 desarticulado, mal etiquetado y afectado por clich\u00e9s\u201d. Por estos motivos, el objetivo de Experiencia Andalus\u00ed ha sido \u201cinvestigar, identificar, inventariar, crear un relato integrador y comprensivo y articular una red para que los destinos trabajen en com\u00fan, creen sinergias y potencien la promoci\u00f3n de su patrimonio y experiencias andalus\u00edes\u201d.<\/p>\n<p>Entre los ejemplos citados, figura la serie de seis documentales \u201cEspa\u00f1a, experiencia andalus\u00ed\u201d -dedicados a los sitios monumentales o arqueol\u00f3gicos que integran el proyecto-, o el uso de nuevas tecnolog\u00edas, como las aplicaciones de realidad virtual aumentada, que permitir\u00e1n conocer el Castillo de Ayub, en Calatayud, o la Fortaleza Califal de Gormaz, en Soria, con una perspectiva innovadora. La creaci\u00f3n de nuevas rutas entorno a este legado andalus\u00ed ha sido otro de los principales resultados del proyecto. Entre ellos, la creaci\u00f3n de una Gran Ruta Andalus\u00ed que enlaza todos los territorios participantes y m\u00e1s de 300 hitos visitables. Adem\u00e1s, la elaboraci\u00f3n de gu\u00edas y otros materiales divulgativos y la formaci\u00f3n a los diferentes agentes del sistema tur\u00edstico sobre conceptos vinculados a este patrimonio o a la atenci\u00f3n especializada a los turistas \u00e1rabes y musulmanes teniendo en cuenta el concepto halal han sido tambi\u00e9n otras materializaciones del proyecto.<\/p>\n<p>En la primera mesa de la jornada, dedicada al turismo sostenible, la subdirectora general de Desarrollo y Sostenibilidad Tur\u00edstica del Ministerio de Industria y Turismo, Ilona Shekyants, ha destacado que se eligi\u00f3 esta iniciativa entre los 72 proyectos y m\u00e1s de 400 entidades solicitantes -en dos convocatorias- por la manera en que se ha materializado el proyecto, fomentando \u201cel trabajo en red\u201d de las siete entidades que lo integran, \u201cla colaboraci\u00f3n p\u00fablico-privada\u201d, as\u00ed como por el hecho de que se haya \u201cpuesto a las personas y sus intereses en el centro de la experiencia tur\u00edstica\u201d. Del mismo modo, ha hecho hincapi\u00e9 en la relevancia de Experiencia Andalus\u00ed para desestacionalizar el turismo, impulsando las visitas en los meses valle, que seg\u00fan los \u00faltimos disponibles han registrado un crecimiento.<\/p>\n<p>Por su parte, en la mesa dedicada al legado andalus\u00ed como patrimonio vivo, Lourdes Nagore Valiente, jefa de \u00e1rea de Patrimonio de la Divisi\u00f3n de Programas Tur\u00edsticos y Asuntos Econ\u00f3micos de la Secretar\u00eda de Estado de Turismo, ha aportado algunas cifras interesantes. Espa\u00f1a es el cuarto pa\u00eds del mundo con m\u00e1s declaraciones de patrimonio mundial de la UNESCO, que incluyen \u201cmucho legado andalus\u00ed\u201d, en palabras de Nagore. En este sentido, no hay que perder de vista que el 19,3% de los viajeros internacionales que vienen a Espa\u00f1a lo hacen por motivos culturales. En cuanto a las inversiones, el 13% de las ayudas de rehabilitaci\u00f3n de Bienes de Inter\u00e9s Cultural de la Secretar\u00eda de Estado de Turismo (unos 66 millones de euros) se han asignado a proyectos de recuperaci\u00f3n del legado andalus\u00ed (almohade y nazar\u00ed, entre otros) en diferentes l\u00edneas (ciudades patrimonio, la rehabilitaci\u00f3n de la muralla de C\u00e1ceres, de los Paradores y alcazabas, o de zonas arqueol\u00f3gicas). Fondos que buscan \u201cla competitividad y la modernizaci\u00f3n del turismo, sin olvidar este pasado que nos diferencia\u201d, ha se\u00f1alado.<\/p>\n<p>La jornada ha permitido intercambiar experiencias de los distintos socios del proyecto y de otras iniciativas de ciudades como Madrid y C\u00f3rdoba, gracias a la participaci\u00f3n, entre otros, de Miguel \u00c1ngel P\u00e9rez, subdirector Adjunto de la Fundaci\u00f3n Visit Valencia; Rafael P\u00e9rez de la Concha, reciente jefe de la Unidad de Turismo y Patrimonio de la Humanidad del Ayuntamiento de C\u00f3rdoba y Coordinador Regional para Europa del Sur y del Mediterr\u00e1neo de la Organizaci\u00f3n de Ciudades Patrimonio Mundial; Laura Navarrete, subdirectora de Marketing de la Direcci\u00f3n de Turismo de Madrid Destino; Rafael Mart\u00ednez S\u00e1nchez-Gir\u00f3n, periodista, gu\u00eda y experto en Madrid \u00e1rabe, isl\u00e1mico y andalus\u00ed; Jorge Mart\u00edn, presidente de la Mancomunidad de Axarqu\u00eda &#8211; Costa del Sol y Jos\u00e9 Luis Corral, catedr\u00e1tico de Historia Medieval de la Universidad de Zaragoza y autor de novela hist\u00f3rica.<\/p>\n","protected":false},"excerpt":{"rendered":"<p class=\"excerpt\">El evento celebrado el 3 de junio en Casa \u00c1rabe en Madrid, ha reunido a representantes institucionales de Ministerio de Turismo, gobiernos locales y regionales. El proyecto \u201cExperiencia Andalus\u00ed\u201d ha presentado en la sede de Casa \u00c1rabe en Madrid los resultados de las actuaciones acometidas desde mayo de 2023, llevadas a cabo gracias a los [&hellip;]<\/p>\n","protected":false},"author":2,"featured_media":9986,"comment_status":"closed","ping_status":"closed","sticky":false,"template":"","format":"standard","meta":{"footnotes":""},"categories":[41,39],"tags":[],"class_list":["post-9987","post","type-post","status-publish","format-standard","has-post-thumbnail","hentry","category-noticias","category-turismo"],"_links":{"self":[{"href":"https:\/\/www.comunidadcalatayud.com\/index.php\/wp-json\/wp\/v2\/posts\/9987","targetHints":{"allow":["GET"]}}],"collection":[{"href":"https:\/\/www.comunidadcalatayud.com\/index.php\/wp-json\/wp\/v2\/posts"}],"about":[{"href":"https:\/\/www.comunidadcalatayud.com\/index.php\/wp-json\/wp\/v2\/types\/post"}],"author":[{"embeddable":true,"href":"https:\/\/www.comunidadcalatayud.com\/index.php\/wp-json\/wp\/v2\/users\/2"}],"replies":[{"embeddable":true,"href":"https:\/\/www.comunidadcalatayud.com\/index.php\/wp-json\/wp\/v2\/comments?post=9987"}],"version-history":[{"count":1,"href":"https:\/\/www.comunidadcalatayud.com\/index.php\/wp-json\/wp\/v2\/posts\/9987\/revisions"}],"predecessor-version":[{"id":9988,"href":"https:\/\/www.comunidadcalatayud.com\/index.php\/wp-json\/wp\/v2\/posts\/9987\/revisions\/9988"}],"wp:featuredmedia":[{"embeddable":true,"href":"https:\/\/www.comunidadcalatayud.com\/index.php\/wp-json\/wp\/v2\/media\/9986"}],"wp:attachment":[{"href":"https:\/\/www.comunidadcalatayud.com\/index.php\/wp-json\/wp\/v2\/media?parent=9987"}],"wp:term":[{"taxonomy":"category","embeddable":true,"href":"https:\/\/www.comunidadcalatayud.com\/index.php\/wp-json\/wp\/v2\/categories?post=9987"},{"taxonomy":"post_tag","embeddable":true,"href":"https:\/\/www.comunidadcalatayud.com\/index.php\/wp-json\/wp\/v2\/tags?post=9987"}],"curies":[{"name":"wp","href":"https:\/\/api.w.org\/{rel}","templated":true}]}}