{"id":9936,"date":"2025-03-20T16:59:34","date_gmt":"2025-03-20T16:59:34","guid":{"rendered":"https:\/\/www.comunidadcalatayud.com\/?p=9936"},"modified":"2025-03-20T17:00:20","modified_gmt":"2025-03-20T17:00:20","slug":"proceso-selectivo-para-proveer-una-plaza-de-psicologo-personal-laboral-mediante-concurso-oposicion","status":"publish","type":"post","link":"https:\/\/www.comunidadcalatayud.com\/index.php\/2025\/03\/20\/proceso-selectivo-para-proveer-una-plaza-de-psicologo-personal-laboral-mediante-concurso-oposicion\/","title":{"rendered":"PROCESO SELECTIVO PARA PROVEER UNA PLAZA DE PSIC\u00d3LOGO, PERSONAL LABORAL, MEDIANTE CONCURSO OPOSICI\u00d3N"},"content":{"rendered":"<p>PROCESO SELECTIVO PARA PROVEER MEDIANTE CONCURSO OPOSICI\u00d3N UNA PLAZA DE PSIC\u00d3LOGO, PERSONAL LABORAL.<\/p>\n<p>La realizaci\u00f3n de la <strong>SEGUNDA PRUEBA DE LA FASE DE OPOSICI\u00d3N, DE CAR\u00c1CTER PR\u00c1CTICO<\/strong>, se realizar\u00e1 el <strong>10 DE ABRIL de 2025 (JUEVES) a las 9.30 horas en la SEDE DE LA UNED<\/strong>, sita en Avenida San Juan el Real n \u00ba 1 de Calatayud.<br \/>\nLos candidatos que han superado el primer ejercicio de la oposici\u00f3n deber\u00e1n ir provistos de su DNI, bol\u00edgrafo (se admiten 2 unidades de color azul o negro) y corrector tipo tipp-ex o similar.<br \/>\nNo se admitir\u00e1 ning\u00fan texto de apoyo ni material adicional.<br \/>\nSe recuerda a los candidatos que son convocados en llamamiento \u00fanico, siendo excluidos quienes no comparezcan.<\/p>\n<p><strong>&#8211;&gt; <a href=\"https:\/\/www.comunidadcalatayud.com\/wp-content\/uploads\/2025\/03\/segundo-llamamiento-oposicion-psicologo.pdf\">VER ANUNCIO<\/a><\/strong><\/p>\n","protected":false},"excerpt":{"rendered":"<p class=\"excerpt\">PROCESO SELECTIVO PARA PROVEER MEDIANTE CONCURSO OPOSICI\u00d3N UNA PLAZA DE PSIC\u00d3LOGO, PERSONAL LABORAL. La realizaci\u00f3n de la SEGUNDA PRUEBA DE LA FASE DE OPOSICI\u00d3N, DE CAR\u00c1CTER PR\u00c1CTICO, se realizar\u00e1 el 10 DE ABRIL de 2025 (JUEVES) a las 9.30 horas en la SEDE DE LA UNED, sita en Avenida San Juan el Real n \u00ba [&hellip;]<\/p>\n","protected":false},"author":2,"featured_media":7614,"comment_status":"closed","ping_status":"closed","sticky":false,"template":"","format":"standard","meta":{"footnotes":""},"categories":[34,43,41],"tags":[],"class_list":["post-9936","post","type-post","status-publish","format-standard","has-post-thumbnail","hentry","category-accion-social","category-empleo-publico","category-noticias"],"_links":{"self":[{"href":"https:\/\/www.comunidadcalatayud.com\/index.php\/wp-json\/wp\/v2\/posts\/9936","targetHints":{"allow":["GET"]}}],"collection":[{"href":"https:\/\/www.comunidadcalatayud.com\/index.php\/wp-json\/wp\/v2\/posts"}],"about":[{"href":"https:\/\/www.comunidadcalatayud.com\/index.php\/wp-json\/wp\/v2\/types\/post"}],"author":[{"embeddable":true,"href":"https:\/\/www.comunidadcalatayud.com\/index.php\/wp-json\/wp\/v2\/users\/2"}],"replies":[{"embeddable":true,"href":"https:\/\/www.comunidadcalatayud.com\/index.php\/wp-json\/wp\/v2\/comments?post=9936"}],"version-history":[{"count":2,"href":"https:\/\/www.comunidadcalatayud.com\/index.php\/wp-json\/wp\/v2\/posts\/9936\/revisions"}],"predecessor-version":[{"id":9938,"href":"https:\/\/www.comunidadcalatayud.com\/index.php\/wp-json\/wp\/v2\/posts\/9936\/revisions\/9938"}],"wp:featuredmedia":[{"embeddable":true,"href":"https:\/\/www.comunidadcalatayud.com\/index.php\/wp-json\/wp\/v2\/media\/7614"}],"wp:attachment":[{"href":"https:\/\/www.comunidadcalatayud.com\/index.php\/wp-json\/wp\/v2\/media?parent=9936"}],"wp:term":[{"taxonomy":"category","embeddable":true,"href":"https:\/\/www.comunidadcalatayud.com\/index.php\/wp-json\/wp\/v2\/categories?post=9936"},{"taxonomy":"post_tag","embeddable":true,"href":"https:\/\/www.comunidadcalatayud.com\/index.php\/wp-json\/wp\/v2\/tags?post=9936"}],"curies":[{"name":"wp","href":"https:\/\/api.w.org\/{rel}","templated":true}]}}