{"id":9932,"date":"2025-03-14T09:02:01","date_gmt":"2025-03-14T09:02:01","guid":{"rendered":"https:\/\/www.comunidadcalatayud.com\/?p=9932"},"modified":"2025-03-14T09:02:40","modified_gmt":"2025-03-14T09:02:40","slug":"iv-campus-deportivo-de-semana-santa-comunidad-de-calatayud","status":"publish","type":"post","link":"https:\/\/www.comunidadcalatayud.com\/index.php\/2025\/03\/14\/iv-campus-deportivo-de-semana-santa-comunidad-de-calatayud\/","title":{"rendered":"IV CAMPUS DEPORTIVO DE SEMANA SANTA &#8211; COMUNIDAD DE CALATAYUD"},"content":{"rendered":"<div class=\"\" data-block=\"true\" data-editor=\"bqci5\" data-offset-key=\"21d0v-0-0\">\n<div class=\"_1mf _1mj\" data-offset-key=\"21d0v-0-0\"><span data-offset-key=\"21d0v-0-0\">IV Campus Deportivo de Semana Santa Comunidad de Calatayud.<\/span><\/div>\n<\/div>\n<div class=\"\" data-block=\"true\" data-editor=\"bqci5\" data-offset-key=\"3tkmi-0-0\">\n<div class=\"_1mf _1mj\" data-offset-key=\"3tkmi-0-0\"><span data-offset-key=\"3tkmi-0-0\">\u00a0<\/span><\/div>\n<\/div>\n<div class=\"\" data-block=\"true\" data-editor=\"bqci5\" data-offset-key=\"arlv5-0-0\">\n<div class=\"_1mf _1mj\" data-offset-key=\"arlv5-0-0\"><span data-offset-key=\"arlv5-0-0\">El Campus Deportivo se realizar\u00e1 los d\u00edas 14, 15, 16, 21 y 22 de abril en el Pabell\u00f3n Polideportivo Municipal de Paracuellos de Jiloca (Junto a las piscinas)<\/span><\/div>\n<\/div>\n<div class=\"\" data-block=\"true\" data-editor=\"bqci5\" data-offset-key=\"3pvki-0-0\">\n<div class=\"_1mf _1mj\" data-offset-key=\"3pvki-0-0\"><span data-offset-key=\"3pvki-0-0\">\u00a0<\/span><\/div>\n<\/div>\n<div class=\"\" data-block=\"true\" data-editor=\"bqci5\" data-offset-key=\"21vqb-0-0\">\n<div class=\"_1mf _1mj\" data-offset-key=\"21vqb-0-0\"><span data-offset-key=\"21vqb-0-0\">El horario ser\u00e1 de 9:00h a 14:00h y va dirigido a ni\u00f1os y ni\u00f1as nacidos entre 2013 y 2018.<\/span><\/div>\n<\/div>\n<div class=\"\" data-block=\"true\" data-editor=\"bqci5\" data-offset-key=\"7pa49-0-0\">\n<div class=\"_1mf _1mj\" data-offset-key=\"7pa49-0-0\"><span data-offset-key=\"7pa49-0-0\">\u00a0<\/span><\/div>\n<\/div>\n<div class=\"\" data-block=\"true\" data-editor=\"bqci5\" data-offset-key=\"6p6a3-0-0\">\n<div class=\"_1mf _1mj\" data-offset-key=\"6p6a3-0-0\"><span data-offset-key=\"6p6a3-0-0\">El n\u00famero de plazas es de 35 y en el supuesto de que se superase ese n\u00famero, la asignaci\u00f3n de las mismas ser\u00e1 por sorteo informatizado.<\/span><\/div>\n<\/div>\n<div class=\"\" data-block=\"true\" data-editor=\"bqci5\" data-offset-key=\"87nrj-0-0\">\n<div class=\"_1mf _1mj\" data-offset-key=\"87nrj-0-0\"><span data-offset-key=\"87nrj-0-0\">\u00a0<\/span><\/div>\n<\/div>\n<div class=\"\" data-block=\"true\" data-editor=\"bqci5\" data-offset-key=\"bn2l8-0-0\">\n<div class=\"_1mf _1mj\" data-offset-key=\"bn2l8-0-0\"><span data-offset-key=\"bn2l8-0-0\">El plazo de inscripci\u00f3n ser\u00e1 del 17 de marzo hasta el 4 de abril y las mismas se pueden realizar en los ayuntamientos de la Comarca Comunidad de Calatayud.<\/span><\/div>\n<\/div>\n<div class=\"\" data-block=\"true\" data-editor=\"bqci5\" data-offset-key=\"48f3e-0-0\">\n<div class=\"_1mf _1mj\" data-offset-key=\"48f3e-0-0\"><span data-offset-key=\"48f3e-0-0\">\u00a0<\/span><\/div>\n<\/div>\n<div class=\"\" data-block=\"true\" data-editor=\"bqci5\" data-offset-key=\"bpu8k-0-0\">\n<div class=\"_1mf _1mj\" data-offset-key=\"bpu8k-0-0\">\n<p><span data-offset-key=\"bpu8k-0-0\">Para cualquier duda o aclaraci\u00f3n puede ponerse en contacto con el Servicio Comarcal de Deportes.<\/span><\/p>\n<p><img loading=\"lazy\" decoding=\"async\" class=\"alignnone size-full wp-image-9931\" src=\"https:\/\/www.comunidadcalatayud.com\/wp-content\/uploads\/2025\/03\/INFORMACION-GENERAL-CAMPUS-DEPORTIVO-SEMANA-SANTA-2025-COMUNIDAD-DE-CALATAYUD-1-1-scaled.jpg\" alt=\"\" width=\"1765\" height=\"2560\" srcset=\"https:\/\/www.comunidadcalatayud.com\/wp-content\/uploads\/2025\/03\/INFORMACION-GENERAL-CAMPUS-DEPORTIVO-SEMANA-SANTA-2025-COMUNIDAD-DE-CALATAYUD-1-1-scaled.jpg 1765w, https:\/\/www.comunidadcalatayud.com\/wp-content\/uploads\/2025\/03\/INFORMACION-GENERAL-CAMPUS-DEPORTIVO-SEMANA-SANTA-2025-COMUNIDAD-DE-CALATAYUD-1-1-207x300.jpg 207w, https:\/\/www.comunidadcalatayud.com\/wp-content\/uploads\/2025\/03\/INFORMACION-GENERAL-CAMPUS-DEPORTIVO-SEMANA-SANTA-2025-COMUNIDAD-DE-CALATAYUD-1-1-706x1024.jpg 706w, https:\/\/www.comunidadcalatayud.com\/wp-content\/uploads\/2025\/03\/INFORMACION-GENERAL-CAMPUS-DEPORTIVO-SEMANA-SANTA-2025-COMUNIDAD-DE-CALATAYUD-1-1-768x1114.jpg 768w, https:\/\/www.comunidadcalatayud.com\/wp-content\/uploads\/2025\/03\/INFORMACION-GENERAL-CAMPUS-DEPORTIVO-SEMANA-SANTA-2025-COMUNIDAD-DE-CALATAYUD-1-1-600x870.jpg 600w, https:\/\/www.comunidadcalatayud.com\/wp-content\/uploads\/2025\/03\/INFORMACION-GENERAL-CAMPUS-DEPORTIVO-SEMANA-SANTA-2025-COMUNIDAD-DE-CALATAYUD-1-1-1059x1536.jpg 1059w, https:\/\/www.comunidadcalatayud.com\/wp-content\/uploads\/2025\/03\/INFORMACION-GENERAL-CAMPUS-DEPORTIVO-SEMANA-SANTA-2025-COMUNIDAD-DE-CALATAYUD-1-1-1412x2048.jpg 1412w\" sizes=\"auto, (max-width: 1765px) 100vw, 1765px\" \/> <img loading=\"lazy\" decoding=\"async\" class=\"alignnone size-full wp-image-9930\" src=\"https:\/\/www.comunidadcalatayud.com\/wp-content\/uploads\/2025\/03\/INFORMACION-GENERAL-CAMPUS-DEPORTIVO-SEMANA-SANTA-2025-COMUNIDAD-DE-CALATAYUD-1-2-scaled.jpg\" alt=\"\" width=\"2560\" height=\"1765\" srcset=\"https:\/\/www.comunidadcalatayud.com\/wp-content\/uploads\/2025\/03\/INFORMACION-GENERAL-CAMPUS-DEPORTIVO-SEMANA-SANTA-2025-COMUNIDAD-DE-CALATAYUD-1-2-scaled.jpg 2560w, https:\/\/www.comunidadcalatayud.com\/wp-content\/uploads\/2025\/03\/INFORMACION-GENERAL-CAMPUS-DEPORTIVO-SEMANA-SANTA-2025-COMUNIDAD-DE-CALATAYUD-1-2-300x207.jpg 300w, https:\/\/www.comunidadcalatayud.com\/wp-content\/uploads\/2025\/03\/INFORMACION-GENERAL-CAMPUS-DEPORTIVO-SEMANA-SANTA-2025-COMUNIDAD-DE-CALATAYUD-1-2-1024x706.jpg 1024w, https:\/\/www.comunidadcalatayud.com\/wp-content\/uploads\/2025\/03\/INFORMACION-GENERAL-CAMPUS-DEPORTIVO-SEMANA-SANTA-2025-COMUNIDAD-DE-CALATAYUD-1-2-768x530.jpg 768w, https:\/\/www.comunidadcalatayud.com\/wp-content\/uploads\/2025\/03\/INFORMACION-GENERAL-CAMPUS-DEPORTIVO-SEMANA-SANTA-2025-COMUNIDAD-DE-CALATAYUD-1-2-600x414.jpg 600w, https:\/\/www.comunidadcalatayud.com\/wp-content\/uploads\/2025\/03\/INFORMACION-GENERAL-CAMPUS-DEPORTIVO-SEMANA-SANTA-2025-COMUNIDAD-DE-CALATAYUD-1-2-1536x1059.jpg 1536w, https:\/\/www.comunidadcalatayud.com\/wp-content\/uploads\/2025\/03\/INFORMACION-GENERAL-CAMPUS-DEPORTIVO-SEMANA-SANTA-2025-COMUNIDAD-DE-CALATAYUD-1-2-2048x1412.jpg 2048w\" sizes=\"auto, (max-width: 2560px) 100vw, 2560px\" \/><\/p>\n<\/div>\n<\/div>\n","protected":false},"excerpt":{"rendered":"<p class=\"excerpt\">IV Campus Deportivo de Semana Santa Comunidad de Calatayud. \u00a0 El Campus Deportivo se realizar\u00e1 los d\u00edas 14, 15, 16, 21 y 22 de abril en el Pabell\u00f3n Polideportivo Municipal de Paracuellos de Jiloca (Junto a las piscinas) \u00a0 El horario ser\u00e1 de 9:00h a 14:00h y va dirigido a ni\u00f1os y ni\u00f1as nacidos entre [&hellip;]<\/p>\n","protected":false},"author":2,"featured_media":9929,"comment_status":"closed","ping_status":"closed","sticky":false,"template":"","format":"standard","meta":{"footnotes":""},"categories":[36,41],"tags":[],"class_list":["post-9932","post","type-post","status-publish","format-standard","has-post-thumbnail","hentry","category-deportes","category-noticias"],"_links":{"self":[{"href":"https:\/\/www.comunidadcalatayud.com\/index.php\/wp-json\/wp\/v2\/posts\/9932","targetHints":{"allow":["GET"]}}],"collection":[{"href":"https:\/\/www.comunidadcalatayud.com\/index.php\/wp-json\/wp\/v2\/posts"}],"about":[{"href":"https:\/\/www.comunidadcalatayud.com\/index.php\/wp-json\/wp\/v2\/types\/post"}],"author":[{"embeddable":true,"href":"https:\/\/www.comunidadcalatayud.com\/index.php\/wp-json\/wp\/v2\/users\/2"}],"replies":[{"embeddable":true,"href":"https:\/\/www.comunidadcalatayud.com\/index.php\/wp-json\/wp\/v2\/comments?post=9932"}],"version-history":[{"count":2,"href":"https:\/\/www.comunidadcalatayud.com\/index.php\/wp-json\/wp\/v2\/posts\/9932\/revisions"}],"predecessor-version":[{"id":9934,"href":"https:\/\/www.comunidadcalatayud.com\/index.php\/wp-json\/wp\/v2\/posts\/9932\/revisions\/9934"}],"wp:featuredmedia":[{"embeddable":true,"href":"https:\/\/www.comunidadcalatayud.com\/index.php\/wp-json\/wp\/v2\/media\/9929"}],"wp:attachment":[{"href":"https:\/\/www.comunidadcalatayud.com\/index.php\/wp-json\/wp\/v2\/media?parent=9932"}],"wp:term":[{"taxonomy":"category","embeddable":true,"href":"https:\/\/www.comunidadcalatayud.com\/index.php\/wp-json\/wp\/v2\/categories?post=9932"},{"taxonomy":"post_tag","embeddable":true,"href":"https:\/\/www.comunidadcalatayud.com\/index.php\/wp-json\/wp\/v2\/tags?post=9932"}],"curies":[{"name":"wp","href":"https:\/\/api.w.org\/{rel}","templated":true}]}}