{"id":9695,"date":"2023-12-04T08:50:00","date_gmt":"2023-12-04T08:50:00","guid":{"rendered":"https:\/\/www.comunidadcalatayud.com\/?p=9695"},"modified":"2023-12-04T08:50:00","modified_gmt":"2023-12-04T08:50:00","slug":"xviii-san-silvestre-solidaria","status":"publish","type":"post","link":"https:\/\/www.comunidadcalatayud.com\/index.php\/2023\/12\/04\/xviii-san-silvestre-solidaria\/","title":{"rendered":"XVIII SAN SILVESTRE SOLIDARIA"},"content":{"rendered":"<div class=\"xdj266r x11i5rnm xat24cr x1mh8g0r x1vvkbs x126k92a\">\n<div dir=\"auto\">\u00a1ABIERTAS INSCRIPCIONES PARA LA XVIII SAN SILVESTRE SOLIDARIA COMUNIDAD DE CALATAYUD!<\/div>\n<\/div>\n<div class=\"x11i5rnm xat24cr x1mh8g0r x1vvkbs xtlvy1s x126k92a\">\n<div dir=\"auto\">La carrera de celebrar\u00e1 el pr\u00f3ximo domingo 31 de diciembre, a las 10.30 horas, por las calles m\u00e1s c\u00e9ntricas de Calatayud.<\/div>\n<\/div>\n<div class=\"x11i5rnm xat24cr x1mh8g0r x1vvkbs xtlvy1s x126k92a\">\n<div dir=\"auto\">El recorrido, con una longitud total de 5,2 kil\u00f3metros, tendr\u00e1 salida y meta en la Plaza del Fuerte. Como todos los a\u00f1os, esta carrera tendr\u00e1 car\u00e1cter solidario, donando 3\u20ac de cada inscripci\u00f3n al programa de familias en Riesgo de Exclusi\u00f3n Social de la Comarca de la Comunidad de Calatayud<\/div>\n<\/div>\n<div class=\"x11i5rnm xat24cr x1mh8g0r x1vvkbs xtlvy1s x126k92a\">\n<div dir=\"auto\">Habr\u00e1 tres carreras: Carreras Escolares, Carrera \u00c9lite y Carrera Popular. En la Carrera \u00c9lite, habr\u00e1 un Premio, donado por <a class=\"x1i10hfl xjbqb8w x6umtig x1b1mbwd xaqea5y xav7gou x9f619 x1ypdohk xt0psk2 xe8uvvx xdj266r x11i5rnm xat24cr x1mh8g0r xexx8yu x4uap5 x18d9i69 xkhd6sd x16tdsg8 x1hl2dhg xggy1nq x1a2a7pz xt0b8zv x1qq9wsj xo1l8bm\" tabindex=\"0\" role=\"link\" href=\"https:\/\/www.facebook.com\/Calatayud.denominaciondeorigen?__cft__[0]=AZUdHmAt6HJUcHYxr-_M0EdvFHWabK0Kerir22sKamB_nTNdpZaFxxGWdIa0YZg7QbbqLkvdUjGsSf2lbj_7-70LPekH5mY0BE1jev5Pb83GB224-JNxJyIQN-T8b6OjRhkYlMjd9eUaU8Qy6I37iHJsiTc55xkRkNhFCq0GSOX-RtTQ2Q_yVKS_FY_TsAKG1_Q&amp;__tn__=-]K-R\"><span class=\"xt0psk2\">Calatayud Denominaci\u00f3n de Origen<\/span><\/a>, para el ganador y ganadora de la primera vuelta en la Carrera \u00c9lite (obligatorio finalizar la prueba).<\/div>\n<\/div>\n<div class=\"x11i5rnm xat24cr x1mh8g0r x1vvkbs xtlvy1s x126k92a\">\n<div dir=\"auto\">INFORMACI\u00d3N E INSCRIPCIONES ONLINE HASTA EL 28 DE DICIEMBRE EN <a class=\"x1i10hfl xjbqb8w x6umtig x1b1mbwd xaqea5y xav7gou x9f619 x1ypdohk xt0psk2 xe8uvvx xdj266r x11i5rnm xat24cr x1mh8g0r xexx8yu x4uap5 x18d9i69 xkhd6sd x16tdsg8 x1hl2dhg xggy1nq x1a2a7pz xt0b8zv x1fey0fg\" tabindex=\"0\" role=\"link\" href=\"http:\/\/www.carrerascomunidadcalatayud.com\/?fbclid=IwAR3tReavcC5_5Of4p3ByClzkU59wzkQkJFXG4Vo4PdvIBrW0UtGjWqrnQvE\" target=\"_blank\" rel=\"nofollow noopener noreferrer\">WWW.CARRERASCOMUNIDADCALATAYUD.COM<\/a><\/p>\n<div>\n<div id=\"0DE9E47C-871A-4F90-8440-B190C216800A_1\" class=\"mcafee_green\" tabindex=\"0\"><\/div>\n<\/div>\n<\/div>\n<\/div>\n<div class=\"x11i5rnm xat24cr x1mh8g0r x1vvkbs xtlvy1s x126k92a\">\n<div dir=\"auto\">REGLAMENTO: <span class=\"x3nfvp2 x1j61x8r x1fcty0u xdj266r xhhsvwb xat24cr xgzva0m xxymvpz xlup9mm x1kky2od\"><img loading=\"lazy\" decoding=\"async\" class=\"xz74otr\" src=\"https:\/\/static.xx.fbcdn.net\/images\/emoji.php\/v9\/t51\/1\/16\/1f449.png\" alt=\"\ud83d\udc49\" width=\"16\" height=\"16\" \/>https:\/\/www.comunidadcalatayud.com\/wp-content\/uploads\/2023\/12\/Reglamento-SAN-SILVESTRE-SOLIDARIA-COMUNIDAD-DE-CALATAYUD-2023.pdf<\/span><\/div>\n<\/div>\n<div dir=\"auto\"><img loading=\"lazy\" decoding=\"async\" class=\"alignnone size-full wp-image-9696\" src=\"https:\/\/www.comunidadcalatayud.com\/wp-content\/uploads\/2023\/12\/San-Silvestre-2023.jpg\" alt=\"\" width=\"1414\" height=\"2000\" srcset=\"https:\/\/www.comunidadcalatayud.com\/wp-content\/uploads\/2023\/12\/San-Silvestre-2023.jpg 1414w, https:\/\/www.comunidadcalatayud.com\/wp-content\/uploads\/2023\/12\/San-Silvestre-2023-212x300.jpg 212w, https:\/\/www.comunidadcalatayud.com\/wp-content\/uploads\/2023\/12\/San-Silvestre-2023-724x1024.jpg 724w, https:\/\/www.comunidadcalatayud.com\/wp-content\/uploads\/2023\/12\/San-Silvestre-2023-768x1086.jpg 768w, https:\/\/www.comunidadcalatayud.com\/wp-content\/uploads\/2023\/12\/San-Silvestre-2023-600x849.jpg 600w, https:\/\/www.comunidadcalatayud.com\/wp-content\/uploads\/2023\/12\/San-Silvestre-2023-1086x1536.jpg 1086w, https:\/\/www.comunidadcalatayud.com\/wp-content\/uploads\/2023\/12\/San-Silvestre-2023-340x480.jpg 340w\" sizes=\"auto, (max-width: 1414px) 100vw, 1414px\" \/><\/div>\n","protected":false},"excerpt":{"rendered":"<p class=\"excerpt\">\u00a1ABIERTAS INSCRIPCIONES PARA LA XVIII SAN SILVESTRE SOLIDARIA COMUNIDAD DE CALATAYUD! La carrera de celebrar\u00e1 el pr\u00f3ximo domingo 31 de diciembre, a las 10.30 horas, por las calles m\u00e1s c\u00e9ntricas de Calatayud. El recorrido, con una longitud total de 5,2 kil\u00f3metros, tendr\u00e1 salida y meta en la Plaza del Fuerte. Como todos los a\u00f1os, esta [&hellip;]<\/p>\n","protected":false},"author":2,"featured_media":9696,"comment_status":"closed","ping_status":"closed","sticky":false,"template":"","format":"standard","meta":{"footnotes":""},"categories":[36,41],"tags":[],"class_list":["post-9695","post","type-post","status-publish","format-standard","has-post-thumbnail","hentry","category-deportes","category-noticias"],"_links":{"self":[{"href":"https:\/\/www.comunidadcalatayud.com\/index.php\/wp-json\/wp\/v2\/posts\/9695","targetHints":{"allow":["GET"]}}],"collection":[{"href":"https:\/\/www.comunidadcalatayud.com\/index.php\/wp-json\/wp\/v2\/posts"}],"about":[{"href":"https:\/\/www.comunidadcalatayud.com\/index.php\/wp-json\/wp\/v2\/types\/post"}],"author":[{"embeddable":true,"href":"https:\/\/www.comunidadcalatayud.com\/index.php\/wp-json\/wp\/v2\/users\/2"}],"replies":[{"embeddable":true,"href":"https:\/\/www.comunidadcalatayud.com\/index.php\/wp-json\/wp\/v2\/comments?post=9695"}],"version-history":[{"count":1,"href":"https:\/\/www.comunidadcalatayud.com\/index.php\/wp-json\/wp\/v2\/posts\/9695\/revisions"}],"predecessor-version":[{"id":9697,"href":"https:\/\/www.comunidadcalatayud.com\/index.php\/wp-json\/wp\/v2\/posts\/9695\/revisions\/9697"}],"wp:featuredmedia":[{"embeddable":true,"href":"https:\/\/www.comunidadcalatayud.com\/index.php\/wp-json\/wp\/v2\/media\/9696"}],"wp:attachment":[{"href":"https:\/\/www.comunidadcalatayud.com\/index.php\/wp-json\/wp\/v2\/media?parent=9695"}],"wp:term":[{"taxonomy":"category","embeddable":true,"href":"https:\/\/www.comunidadcalatayud.com\/index.php\/wp-json\/wp\/v2\/categories?post=9695"},{"taxonomy":"post_tag","embeddable":true,"href":"https:\/\/www.comunidadcalatayud.com\/index.php\/wp-json\/wp\/v2\/tags?post=9695"}],"curies":[{"name":"wp","href":"https:\/\/api.w.org\/{rel}","templated":true}]}}