{"id":9655,"date":"2023-11-21T22:21:51","date_gmt":"2023-11-21T22:21:51","guid":{"rendered":"https:\/\/www.comunidadcalatayud.com\/?p=9655"},"modified":"2023-11-21T22:22:54","modified_gmt":"2023-11-21T22:22:54","slug":"actividades-por-la-igualdad-y-la-prevencion-de-la-violencia-de-genero","status":"publish","type":"post","link":"https:\/\/www.comunidadcalatayud.com\/index.php\/2023\/11\/21\/actividades-por-la-igualdad-y-la-prevencion-de-la-violencia-de-genero\/","title":{"rendered":"ACTIVIDADES POR LA IGUALDAD Y LA PREVENCI\u00d3N DE LA VIOLENCIA DE GENERO"},"content":{"rendered":"<p>Desde la Consejer\u00eda de Bienestar Social de la Comarca Comunidad de Calatayud,\u00a0 se ha dise\u00f1ado una relaci\u00f3n de actividades destinadas a \u00a0la formaci\u00f3n, sensibilizaci\u00f3n en igualdad y a la prevenci\u00f3n de la Violencia de G\u00e9nero.<\/p>\n<p>Con el fin de trabajar \u00a0por la <strong>igualdad y la prevenci\u00f3n de la violencia de g\u00e9nero <\/strong>\u00a0con la poblaci\u00f3n de\u00a0 los municipios comarcales, \u00a0se han preparado\u00a0 las siguientes actividades:<\/p>\n<p>&nbsp;<\/p>\n<ul>\n<li>Escape room: \u201cIgualdad y micromachismos, coraz\u00f3n a capas de armadura\u201d e \u201cInter\u00e9s tras las sonrisas\u201d, en los tres institutos comarcales: Leonardo de Chabacier, Zaur\u00edn, Emilio Jimeno y el colegio Santa Ana de Calatayud.<\/li>\n<\/ul>\n<p>&nbsp;<\/p>\n<ul>\n<li><strong>D\u00eda 24 de noviembre a las 17:00 horas en Cervera de la Ca\u00f1ada<\/strong>:<\/li>\n<li>Exposici\u00f3n conmemorativa \u201cMujeres Olvidadas\u201d<\/li>\n<li>Teatro social. Mujeres impresdindibles \u201cClara Campoamor\u201d.<\/li>\n<li>Lectura de Manifiesto \u201d D\u00eda Internacional de la eliminaci\u00f3n de la violencia contra las mujeres\u201d<\/li>\n<\/ul>\n<p>&nbsp;<\/p>\n<p>C\u00f3mo todos los a\u00f1os, se van han realizado <strong>talleres en los colegios comarcales<\/strong> para trabajar temas <strong>de igualdad y prevenir futuras situaciones de violencia,<\/strong> con\u00a0 menores, \u00a0del 20 de noviembre al 1 de diciembre en \u00a0varias aulas CRA y colegios de la Comarca . A los alumnos se les obsequia con un detalle por su participaci\u00f3n.<\/p>\n<p>&nbsp;<\/p>\n<p>Tambi\u00e9n han a lo largo del trimestre <strong>actividades formativas relativas a la gesti\u00f3n emocional para \u00a0profesionales<\/strong> Comarcales que intervienen con v\u00edctimas de violencia de g\u00e9nero.<\/p>\n<p><img loading=\"lazy\" decoding=\"async\" class=\"alignnone size-full wp-image-9656\" src=\"https:\/\/www.comunidadcalatayud.com\/wp-content\/uploads\/2023\/11\/Cartel-completo-actividades-VG.png\" alt=\"\" width=\"1587\" height=\"2245\" srcset=\"https:\/\/www.comunidadcalatayud.com\/wp-content\/uploads\/2023\/11\/Cartel-completo-actividades-VG.png 1587w, https:\/\/www.comunidadcalatayud.com\/wp-content\/uploads\/2023\/11\/Cartel-completo-actividades-VG-212x300.png 212w, https:\/\/www.comunidadcalatayud.com\/wp-content\/uploads\/2023\/11\/Cartel-completo-actividades-VG-724x1024.png 724w, https:\/\/www.comunidadcalatayud.com\/wp-content\/uploads\/2023\/11\/Cartel-completo-actividades-VG-768x1086.png 768w, https:\/\/www.comunidadcalatayud.com\/wp-content\/uploads\/2023\/11\/Cartel-completo-actividades-VG-600x849.png 600w, https:\/\/www.comunidadcalatayud.com\/wp-content\/uploads\/2023\/11\/Cartel-completo-actividades-VG-1086x1536.png 1086w, https:\/\/www.comunidadcalatayud.com\/wp-content\/uploads\/2023\/11\/Cartel-completo-actividades-VG-1448x2048.png 1448w, https:\/\/www.comunidadcalatayud.com\/wp-content\/uploads\/2023\/11\/Cartel-completo-actividades-VG-340x480.png 340w\" sizes=\"auto, (max-width: 1587px) 100vw, 1587px\" \/><\/p>\n","protected":false},"excerpt":{"rendered":"<p class=\"excerpt\">Desde la Consejer\u00eda de Bienestar Social de la Comarca Comunidad de Calatayud,\u00a0 se ha dise\u00f1ado una relaci\u00f3n de actividades destinadas a \u00a0la formaci\u00f3n, sensibilizaci\u00f3n en igualdad y a la prevenci\u00f3n de la Violencia de G\u00e9nero. Con el fin de trabajar \u00a0por la igualdad y la prevenci\u00f3n de la violencia de g\u00e9nero \u00a0con la poblaci\u00f3n de\u00a0 [&hellip;]<\/p>\n","protected":false},"author":2,"featured_media":9656,"comment_status":"closed","ping_status":"closed","sticky":false,"template":"","format":"standard","meta":{"footnotes":""},"categories":[34,41],"tags":[],"class_list":["post-9655","post","type-post","status-publish","format-standard","has-post-thumbnail","hentry","category-accion-social","category-noticias"],"_links":{"self":[{"href":"https:\/\/www.comunidadcalatayud.com\/index.php\/wp-json\/wp\/v2\/posts\/9655","targetHints":{"allow":["GET"]}}],"collection":[{"href":"https:\/\/www.comunidadcalatayud.com\/index.php\/wp-json\/wp\/v2\/posts"}],"about":[{"href":"https:\/\/www.comunidadcalatayud.com\/index.php\/wp-json\/wp\/v2\/types\/post"}],"author":[{"embeddable":true,"href":"https:\/\/www.comunidadcalatayud.com\/index.php\/wp-json\/wp\/v2\/users\/2"}],"replies":[{"embeddable":true,"href":"https:\/\/www.comunidadcalatayud.com\/index.php\/wp-json\/wp\/v2\/comments?post=9655"}],"version-history":[{"count":3,"href":"https:\/\/www.comunidadcalatayud.com\/index.php\/wp-json\/wp\/v2\/posts\/9655\/revisions"}],"predecessor-version":[{"id":9659,"href":"https:\/\/www.comunidadcalatayud.com\/index.php\/wp-json\/wp\/v2\/posts\/9655\/revisions\/9659"}],"wp:featuredmedia":[{"embeddable":true,"href":"https:\/\/www.comunidadcalatayud.com\/index.php\/wp-json\/wp\/v2\/media\/9656"}],"wp:attachment":[{"href":"https:\/\/www.comunidadcalatayud.com\/index.php\/wp-json\/wp\/v2\/media?parent=9655"}],"wp:term":[{"taxonomy":"category","embeddable":true,"href":"https:\/\/www.comunidadcalatayud.com\/index.php\/wp-json\/wp\/v2\/categories?post=9655"},{"taxonomy":"post_tag","embeddable":true,"href":"https:\/\/www.comunidadcalatayud.com\/index.php\/wp-json\/wp\/v2\/tags?post=9655"}],"curies":[{"name":"wp","href":"https:\/\/api.w.org\/{rel}","templated":true}]}}