{"id":9575,"date":"2023-10-11T05:49:31","date_gmt":"2023-10-11T05:49:31","guid":{"rendered":"https:\/\/www.comunidadcalatayud.com\/?p=9575"},"modified":"2023-10-11T05:49:31","modified_gmt":"2023-10-11T05:49:31","slug":"taller-de-estimulacion-cognitiva-para-mayores","status":"publish","type":"post","link":"https:\/\/www.comunidadcalatayud.com\/index.php\/2023\/10\/11\/taller-de-estimulacion-cognitiva-para-mayores\/","title":{"rendered":"TALLER DE ESTIMULACION COGNITIVA PARA MAYORES."},"content":{"rendered":"<div class=\"xdj266r x11i5rnm xat24cr x1mh8g0r x1vvkbs x126k92a\">\n<div dir=\"auto\"><strong>\u00bfQuieres mantenerte joven el mayor tiempo posible?<\/strong><\/div>\n<div dir=\"auto\"><\/div>\n<\/div>\n<div class=\"x11i5rnm xat24cr x1mh8g0r x1vvkbs xtlvy1s x126k92a\">\n<div dir=\"auto\">Desde la Comarca Comunidad de Calatayud te proponemos que realices ejercicios de estimulaci\u00f3n cognitiva y bienestar global que te ayudar\u00e1 a mantenerte activo f\u00edsica y mentalmente.<\/div>\n<div dir=\"auto\"><\/div>\n<\/div>\n<div class=\"x11i5rnm xat24cr x1mh8g0r x1vvkbs xtlvy1s x126k92a\">\n<div dir=\"auto\">Si quieres participar en esta actividad que cuenta con la colaboraci\u00f3n de la empresa \u00c1gilmente, tan <strong>solo necesitas un tel\u00e9fono m\u00f3vil con WhatsApp y tener m\u00e1s de 60 a\u00f1os.<\/strong><\/div>\n<div dir=\"auto\"><\/div>\n<\/div>\n<div class=\"x11i5rnm xat24cr x1mh8g0r x1vvkbs xtlvy1s x126k92a\">\n<div dir=\"auto\">Las <strong>plazas son limitadas<\/strong> <strong>por riguroso orden de inscripci\u00f3n<\/strong>, y se pueden realizar en la Comarca Comunidad de Calatayud en el<strong> tel\u00e9fono 976 88 74 74<\/strong><\/div>\n<div dir=\"auto\"><\/div>\n<\/div>\n<div class=\"x11i5rnm xat24cr x1mh8g0r x1vvkbs xtlvy1s x126k92a\">\n<div dir=\"auto\">Es una actividad organizada por la Consejer\u00eda de Bienestar Social de la Comarca Comunidad de Calatayud<\/div>\n<\/div>\n","protected":false},"excerpt":{"rendered":"<p class=\"excerpt\">\u00bfQuieres mantenerte joven el mayor tiempo posible? Desde la Comarca Comunidad de Calatayud te proponemos que realices ejercicios de estimulaci\u00f3n cognitiva y bienestar global que te ayudar\u00e1 a mantenerte activo f\u00edsica y mentalmente. Si quieres participar en esta actividad que cuenta con la colaboraci\u00f3n de la empresa \u00c1gilmente, tan solo necesitas un tel\u00e9fono m\u00f3vil con [&hellip;]<\/p>\n","protected":false},"author":2,"featured_media":9574,"comment_status":"closed","ping_status":"closed","sticky":false,"template":"","format":"standard","meta":{"footnotes":""},"categories":[34],"tags":[],"class_list":["post-9575","post","type-post","status-publish","format-standard","has-post-thumbnail","hentry","category-accion-social"],"_links":{"self":[{"href":"https:\/\/www.comunidadcalatayud.com\/index.php\/wp-json\/wp\/v2\/posts\/9575","targetHints":{"allow":["GET"]}}],"collection":[{"href":"https:\/\/www.comunidadcalatayud.com\/index.php\/wp-json\/wp\/v2\/posts"}],"about":[{"href":"https:\/\/www.comunidadcalatayud.com\/index.php\/wp-json\/wp\/v2\/types\/post"}],"author":[{"embeddable":true,"href":"https:\/\/www.comunidadcalatayud.com\/index.php\/wp-json\/wp\/v2\/users\/2"}],"replies":[{"embeddable":true,"href":"https:\/\/www.comunidadcalatayud.com\/index.php\/wp-json\/wp\/v2\/comments?post=9575"}],"version-history":[{"count":1,"href":"https:\/\/www.comunidadcalatayud.com\/index.php\/wp-json\/wp\/v2\/posts\/9575\/revisions"}],"predecessor-version":[{"id":9577,"href":"https:\/\/www.comunidadcalatayud.com\/index.php\/wp-json\/wp\/v2\/posts\/9575\/revisions\/9577"}],"wp:featuredmedia":[{"embeddable":true,"href":"https:\/\/www.comunidadcalatayud.com\/index.php\/wp-json\/wp\/v2\/media\/9574"}],"wp:attachment":[{"href":"https:\/\/www.comunidadcalatayud.com\/index.php\/wp-json\/wp\/v2\/media?parent=9575"}],"wp:term":[{"taxonomy":"category","embeddable":true,"href":"https:\/\/www.comunidadcalatayud.com\/index.php\/wp-json\/wp\/v2\/categories?post=9575"},{"taxonomy":"post_tag","embeddable":true,"href":"https:\/\/www.comunidadcalatayud.com\/index.php\/wp-json\/wp\/v2\/tags?post=9575"}],"curies":[{"name":"wp","href":"https:\/\/api.w.org\/{rel}","templated":true}]}}