{"id":9569,"date":"2023-10-04T17:56:51","date_gmt":"2023-10-04T17:56:51","guid":{"rendered":"https:\/\/www.comunidadcalatayud.com\/?p=9569"},"modified":"2023-10-04T17:56:51","modified_gmt":"2023-10-04T17:56:51","slug":"nuevo-vehiculo-para-la-agrupacion-de-proteccion-civil","status":"publish","type":"post","link":"https:\/\/www.comunidadcalatayud.com\/index.php\/2023\/10\/04\/nuevo-vehiculo-para-la-agrupacion-de-proteccion-civil\/","title":{"rendered":"NUEVO VEH\u00cdCULO PARA LA AGRUPACION DE PROTECCI\u00d3N CIVIL"},"content":{"rendered":"<p>La Comarca Comunidad de Calatayud ha hecho entrega a la <strong>Agrupaci\u00f3n de Voluntarios de Protecci\u00f3n Civil<\/strong> de un nuevo veh\u00edculo que se viene a sumar al parque existentes y a consecuencia de la necesidad de dar de baja uno de ellos por agotamiento. El nuevo veh\u00edculo se trata de un Toyota Hilux Doble Cabina GX cuyo valor asciende, con las mejoras efectuadas por la empresa adjudicadora y seguro, a cerca de<strong> 60.000 \u20ac<\/strong>.\u00a0 En el acto de entrega han participado el Presidente de la Comarca, <strong>Ignacio Marcuello<\/strong> acompa\u00f1ado de <strong>Jos\u00e9 F\u00e9lix Lajusticia<\/strong>, Vicepresidente 1\u00ba de la Instituci\u00f3n Comarcal, del Consejero delegado de Protecci\u00f3n Civil, <strong>H\u00e9ctor Sarri\u00e1<\/strong> y del T\u00e9cnico Comarcal, <strong>\u00c1ngel Lassa.<\/strong> Tambi\u00e9n han acudido al acto de entrega el que fuera Presidente en la pasada legislatura, <strong>Ram\u00f3n Duce\u00a0<\/strong> y el anterior Consejero de Interior, <strong>\u00c1ngel Mar\u00edn<\/strong>, quienes comenzaron los tr\u00e1mites para la adquisici\u00f3n del\u00a0 veh\u00edculo en el 2022.<img loading=\"lazy\" decoding=\"async\" class=\"alignnone size-full wp-image-9570\" src=\"https:\/\/www.comunidadcalatayud.com\/wp-content\/uploads\/2023\/10\/WhatsApp-Image-2023-10-04-at-15.00.50.jpeg\" alt=\"\" width=\"1600\" height=\"1200\" srcset=\"https:\/\/www.comunidadcalatayud.com\/wp-content\/uploads\/2023\/10\/WhatsApp-Image-2023-10-04-at-15.00.50.jpeg 1600w, https:\/\/www.comunidadcalatayud.com\/wp-content\/uploads\/2023\/10\/WhatsApp-Image-2023-10-04-at-15.00.50-300x225.jpeg 300w, https:\/\/www.comunidadcalatayud.com\/wp-content\/uploads\/2023\/10\/WhatsApp-Image-2023-10-04-at-15.00.50-1024x768.jpeg 1024w, https:\/\/www.comunidadcalatayud.com\/wp-content\/uploads\/2023\/10\/WhatsApp-Image-2023-10-04-at-15.00.50-768x576.jpeg 768w, https:\/\/www.comunidadcalatayud.com\/wp-content\/uploads\/2023\/10\/WhatsApp-Image-2023-10-04-at-15.00.50-600x450.jpeg 600w, https:\/\/www.comunidadcalatayud.com\/wp-content\/uploads\/2023\/10\/WhatsApp-Image-2023-10-04-at-15.00.50-1536x1152.jpeg 1536w\" sizes=\"auto, (max-width: 1600px) 100vw, 1600px\" \/> <img loading=\"lazy\" decoding=\"async\" class=\"alignnone size-full wp-image-9571\" src=\"https:\/\/www.comunidadcalatayud.com\/wp-content\/uploads\/2023\/10\/WhatsApp-Image-2023-10-04-at-15.00.49.jpeg\" alt=\"\" width=\"1600\" height=\"1200\" srcset=\"https:\/\/www.comunidadcalatayud.com\/wp-content\/uploads\/2023\/10\/WhatsApp-Image-2023-10-04-at-15.00.49.jpeg 1600w, https:\/\/www.comunidadcalatayud.com\/wp-content\/uploads\/2023\/10\/WhatsApp-Image-2023-10-04-at-15.00.49-300x225.jpeg 300w, https:\/\/www.comunidadcalatayud.com\/wp-content\/uploads\/2023\/10\/WhatsApp-Image-2023-10-04-at-15.00.49-1024x768.jpeg 1024w, https:\/\/www.comunidadcalatayud.com\/wp-content\/uploads\/2023\/10\/WhatsApp-Image-2023-10-04-at-15.00.49-768x576.jpeg 768w, https:\/\/www.comunidadcalatayud.com\/wp-content\/uploads\/2023\/10\/WhatsApp-Image-2023-10-04-at-15.00.49-600x450.jpeg 600w, https:\/\/www.comunidadcalatayud.com\/wp-content\/uploads\/2023\/10\/WhatsApp-Image-2023-10-04-at-15.00.49-1536x1152.jpeg 1536w\" sizes=\"auto, (max-width: 1600px) 100vw, 1600px\" \/><\/p>\n","protected":false},"excerpt":{"rendered":"<p class=\"excerpt\">La Comarca Comunidad de Calatayud ha hecho entrega a la Agrupaci\u00f3n de Voluntarios de Protecci\u00f3n Civil de un nuevo veh\u00edculo que se viene a sumar al parque existentes y a consecuencia de la necesidad de dar de baja uno de ellos por agotamiento. El nuevo veh\u00edculo se trata de un Toyota Hilux Doble Cabina GX [&hellip;]<\/p>\n","protected":false},"author":2,"featured_media":9572,"comment_status":"closed","ping_status":"closed","sticky":false,"template":"","format":"standard","meta":{"footnotes":""},"categories":[41,38],"tags":[],"class_list":["post-9569","post","type-post","status-publish","format-standard","has-post-thumbnail","hentry","category-noticias","category-proteccion-civil"],"_links":{"self":[{"href":"https:\/\/www.comunidadcalatayud.com\/index.php\/wp-json\/wp\/v2\/posts\/9569","targetHints":{"allow":["GET"]}}],"collection":[{"href":"https:\/\/www.comunidadcalatayud.com\/index.php\/wp-json\/wp\/v2\/posts"}],"about":[{"href":"https:\/\/www.comunidadcalatayud.com\/index.php\/wp-json\/wp\/v2\/types\/post"}],"author":[{"embeddable":true,"href":"https:\/\/www.comunidadcalatayud.com\/index.php\/wp-json\/wp\/v2\/users\/2"}],"replies":[{"embeddable":true,"href":"https:\/\/www.comunidadcalatayud.com\/index.php\/wp-json\/wp\/v2\/comments?post=9569"}],"version-history":[{"count":1,"href":"https:\/\/www.comunidadcalatayud.com\/index.php\/wp-json\/wp\/v2\/posts\/9569\/revisions"}],"predecessor-version":[{"id":9573,"href":"https:\/\/www.comunidadcalatayud.com\/index.php\/wp-json\/wp\/v2\/posts\/9569\/revisions\/9573"}],"wp:featuredmedia":[{"embeddable":true,"href":"https:\/\/www.comunidadcalatayud.com\/index.php\/wp-json\/wp\/v2\/media\/9572"}],"wp:attachment":[{"href":"https:\/\/www.comunidadcalatayud.com\/index.php\/wp-json\/wp\/v2\/media?parent=9569"}],"wp:term":[{"taxonomy":"category","embeddable":true,"href":"https:\/\/www.comunidadcalatayud.com\/index.php\/wp-json\/wp\/v2\/categories?post=9569"},{"taxonomy":"post_tag","embeddable":true,"href":"https:\/\/www.comunidadcalatayud.com\/index.php\/wp-json\/wp\/v2\/tags?post=9569"}],"curies":[{"name":"wp","href":"https:\/\/api.w.org\/{rel}","templated":true}]}}