{"id":9529,"date":"2023-07-09T20:49:11","date_gmt":"2023-07-09T20:49:11","guid":{"rendered":"https:\/\/www.comunidadcalatayud.com\/?p=9529"},"modified":"2023-07-09T20:49:11","modified_gmt":"2023-07-09T20:49:11","slug":"actividades-en-tranquera-para-el-24-de-junio-2","status":"publish","type":"post","link":"https:\/\/www.comunidadcalatayud.com\/index.php\/2023\/07\/09\/actividades-en-tranquera-para-el-24-de-junio-2\/","title":{"rendered":"ACTIVIDADES EN TRANQUERA PARA EL 29 DE JULIO"},"content":{"rendered":"<div class=\"xdj266r x11i5rnm xat24cr x1mh8g0r x1vvkbs x126k92a\">\n<div dir=\"auto\"><img loading=\"lazy\" decoding=\"async\" class=\"wp-image-9528 aligncenter\" src=\"https:\/\/www.comunidadcalatayud.com\/wp-content\/uploads\/2023\/07\/cartel-tranquera-julio-scaled.jpg\" alt=\"\" width=\"249\" height=\"319\" \/><\/div>\n<div dir=\"auto\"><\/div>\n<div dir=\"auto\">La Comarca Comunidad de Calatayud ha organizado para el d\u00eda<strong> 29 de julio dos actividades en el Embalse de La Tranquera. KAYAK DOBLE y PADDLE SURF<\/strong><\/div>\n<div dir=\"auto\"><\/div>\n<\/div>\n<div class=\"x11i5rnm xat24cr x1mh8g0r x1vvkbs xtlvy1s x126k92a\">\n<div dir=\"auto\">Las inscripciones para participar se podr\u00e1n realizar hasta el 26 de Junio a las 12h. entregando la HOJA DE INSCRIPCI\u00d3N Y AUTORIZACI\u00d3N FIRMADA en el servicio Comarcal de Deportes (Plaza de la Comunidad, 1) o por correo electr\u00f3nico a la siguiente direcci\u00f3n: &#x44;&#x45;&#x50;&#x4f;&#x52;&#x54;&#x45;&#83;&#64;&#67;OMUNID&#x41;&#x44;&#x43;&#x41;&#x4c;&#x41;&#x54;&#x41;&#89;&#85;D.COM<\/div>\n<div dir=\"auto\"><\/div>\n<\/div>\n<div class=\"x11i5rnm xat24cr x1mh8g0r x1vvkbs xtlvy1s x126k92a\">\n<div dir=\"auto\">Las actividades se realizar\u00e1n en grupos de 8 personas por modalidad (8 en Kayak y 8 en Paddle Surf) en los siguientes turnos:<\/div>\n<div dir=\"auto\">1.- de 10:00 A 11:30 H<\/div>\n<div dir=\"auto\">2.- de 12:00 A 13:30 H<\/div>\n<div dir=\"auto\">3.- de 15:30 A 17:00 H<\/div>\n<div dir=\"auto\"><\/div>\n<\/div>\n<div class=\"x11i5rnm xat24cr x1mh8g0r x1vvkbs xtlvy1s x126k92a\">\n<div dir=\"auto\">La edad m\u00ednima para la pr\u00e1ctica del Kayak ser\u00e1 de 10 a\u00f1os y para la de paddle surf, 12 a\u00f1os.<\/div>\n<\/div>\n<div class=\"x11i5rnm xat24cr x1mh8g0r x1vvkbs xtlvy1s x126k92a\">\n<div dir=\"auto\">La actividad es gratuita e incluye material y seguro. La zona de salida ser\u00e1 en el pinar junto a la presa del Embalse de la Tranquera.<\/div>\n<\/div>\n<div class=\"x11i5rnm xat24cr x1mh8g0r x1vvkbs xtlvy1s x126k92a\">\n<div dir=\"auto\"><span class=\"x3nfvp2 x1j61x8r x1fcty0u xdj266r xhhsvwb xat24cr xgzva0m xxymvpz xlup9mm x1kky2od\"><img loading=\"lazy\" decoding=\"async\" src=\"https:\/\/static.xx.fbcdn.net\/images\/emoji.php\/v9\/t51\/1\/16\/1f449.png\" alt=\"\ud83d\udc49\" width=\"16\" height=\"16\" \/><\/span><span class=\"x3nfvp2 x1j61x8r x1fcty0u xdj266r xhhsvwb xat24cr xgzva0m xxymvpz xlup9mm x1kky2od\"><img loading=\"lazy\" decoding=\"async\" src=\"https:\/\/static.xx.fbcdn.net\/images\/emoji.php\/v9\/t51\/1\/16\/1f449.png\" alt=\"\ud83d\udc49\" width=\"16\" height=\"16\" \/><\/span> <a href=\"https:\/\/www.comunidadcalatayud.com\/wp-content\/uploads\/2023\/07\/HOJA-DE-INSCRIPCION-29-JULIO-2023-KAYAK-SUP-TRANQUERA.pdf\"><strong>Hoja de inscripci\u00f3n<\/strong><\/a><\/div>\n<\/div>\n","protected":false},"excerpt":{"rendered":"<p class=\"excerpt\">La Comarca Comunidad de Calatayud ha organizado para el d\u00eda 29 de julio dos actividades en el Embalse de La Tranquera. KAYAK DOBLE y PADDLE SURF Las inscripciones para participar se podr\u00e1n realizar hasta el 26 de Junio a las 12h. entregando la HOJA DE INSCRIPCI\u00d3N Y AUTORIZACI\u00d3N FIRMADA en el servicio Comarcal de Deportes [&hellip;]<\/p>\n","protected":false},"author":2,"featured_media":9528,"comment_status":"closed","ping_status":"closed","sticky":false,"template":"","format":"standard","meta":{"footnotes":""},"categories":[36,41],"tags":[],"class_list":["post-9529","post","type-post","status-publish","format-standard","has-post-thumbnail","hentry","category-deportes","category-noticias"],"_links":{"self":[{"href":"https:\/\/www.comunidadcalatayud.com\/index.php\/wp-json\/wp\/v2\/posts\/9529","targetHints":{"allow":["GET"]}}],"collection":[{"href":"https:\/\/www.comunidadcalatayud.com\/index.php\/wp-json\/wp\/v2\/posts"}],"about":[{"href":"https:\/\/www.comunidadcalatayud.com\/index.php\/wp-json\/wp\/v2\/types\/post"}],"author":[{"embeddable":true,"href":"https:\/\/www.comunidadcalatayud.com\/index.php\/wp-json\/wp\/v2\/users\/2"}],"replies":[{"embeddable":true,"href":"https:\/\/www.comunidadcalatayud.com\/index.php\/wp-json\/wp\/v2\/comments?post=9529"}],"version-history":[{"count":1,"href":"https:\/\/www.comunidadcalatayud.com\/index.php\/wp-json\/wp\/v2\/posts\/9529\/revisions"}],"predecessor-version":[{"id":9530,"href":"https:\/\/www.comunidadcalatayud.com\/index.php\/wp-json\/wp\/v2\/posts\/9529\/revisions\/9530"}],"wp:featuredmedia":[{"embeddable":true,"href":"https:\/\/www.comunidadcalatayud.com\/index.php\/wp-json\/wp\/v2\/media\/9528"}],"wp:attachment":[{"href":"https:\/\/www.comunidadcalatayud.com\/index.php\/wp-json\/wp\/v2\/media?parent=9529"}],"wp:term":[{"taxonomy":"category","embeddable":true,"href":"https:\/\/www.comunidadcalatayud.com\/index.php\/wp-json\/wp\/v2\/categories?post=9529"},{"taxonomy":"post_tag","embeddable":true,"href":"https:\/\/www.comunidadcalatayud.com\/index.php\/wp-json\/wp\/v2\/tags?post=9529"}],"curies":[{"name":"wp","href":"https:\/\/api.w.org\/{rel}","templated":true}]}}