{"id":9129,"date":"2022-12-30T16:30:58","date_gmt":"2022-12-30T16:30:58","guid":{"rendered":"https:\/\/www.comunidadcalatayud.com\/?p=9129"},"modified":"2023-01-04T11:40:31","modified_gmt":"2023-01-04T11:40:31","slug":"bases-procesos-estabilizacion-de-empleo-temporal-2","status":"publish","type":"post","link":"https:\/\/www.comunidadcalatayud.com\/index.php\/2022\/12\/30\/bases-procesos-estabilizacion-de-empleo-temporal-2\/","title":{"rendered":"BASES PARTICULARES ESTABILIZACION DE EMPLEO TEMPORAL"},"content":{"rendered":"<p><b>Bases PARTICULARES <\/b>por las que se regir\u00e1n los <strong>procesos selectivos<\/strong> que convoque la Comarca de la Comunidad de Calatayud <strong>para plazas derivadas de procesos de estabilizaci\u00f3n de empleo temporal,<\/strong> seg\u00fan la siguiente relaci\u00f3n.<\/p>\n<p>Estas bases <strong>surtir\u00e1n efecto una vez hayan sido publicadas en el Bolet\u00edn Oficial del Estado.<\/strong><\/p>\n<p>Bases de estabilizaci\u00f3n de empleo temporal, mediante sistema concurso, de <strong>una plaza de t\u00e9cnico superior coordinador de Deportes<\/strong> de la Comarca Comunidad de Calatayud.<strong> <a href=\"https:\/\/www.comunidadcalatayud.com\/wp-content\/uploads\/2022\/12\/BASES-ESTABILIZACION-EMPLEO-TEMPORAL-CONCURSO-COORDINADOR-DE-DEPORTES.pdf\">BASES<\/a><\/strong><\/p>\n<p>Bases de estabilizaci\u00f3n de empleo temporal, mediante sistema concurso, de una plaza de <strong>T\u00e9cnico de Administraci\u00f3n General<\/strong>, subescala gesti\u00f3n. <a href=\"https:\/\/www.comunidadcalatayud.com\/wp-content\/uploads\/2022\/12\/BASES-ESTABILIZACION-EMPLEO-TEMPORAL-CONCURSO-TECNICO-DE-ADMINISTRACION-GENERAL.pdf\"><strong>BASES<\/strong><\/a><\/p>\n<p>Bases de estabilizaci\u00f3n de empleo temporal, mediante sistema concurso, de <strong>dos plazas de educador social<\/strong> de la Comarca Comunidad de Calatayud. <a href=\"https:\/\/www.comunidadcalatayud.com\/wp-content\/uploads\/2022\/12\/BASES-ESTABILIZACION-TEMPORAL-CONCURSO-DOS-PLAZAS-EDUCADOR-SOCIAL.pdf\"><strong>BASES<\/strong><\/a><\/p>\n<p>Bases de estabilizaci\u00f3n de empleo temporal, mediante sistema concurso, de <strong>30 plazas de auxiliar de ayuda de domicilio<\/strong> de la Comarca Comunidad de Calatayud. <a href=\"https:\/\/www.comunidadcalatayud.com\/wp-content\/uploads\/2022\/12\/BASES-ESTABILIZACION-EMPLEO-TEMPORAL-CONCURSO-30-PLAZAS-AUX.-DE-AYUDA-A-DOMICILIO.pdf\"><strong>BASES<\/strong><\/a><\/p>\n<p>Bases de estabilizaci\u00f3n de empleo temporal, mediante sistema concurso, de<strong> 5 plazas de auxiliar de ayuda a domicilio<\/strong> de la Comarca Comunidad de Calatayud. <a href=\"https:\/\/www.comunidadcalatayud.com\/wp-content\/uploads\/2022\/12\/BASES-ESTABILIZACION-EMPLEO-TEMPORAL-CONCURSO-OPOSICION-5-PLAZAS-AUX.-DE-AYUDA-A-DOMICILIO.pdf\"><strong>BASES<\/strong><\/a><\/p>\n<p>Bases de estabilizaci\u00f3n de empleo temporal, mediante sistema concurso, de <strong>6 plazas de trabajador social<\/strong> de la Comarca Comunidad de Calatayud. <a href=\"https:\/\/www.comunidadcalatayud.com\/wp-content\/uploads\/2022\/12\/BASES-ESTABILIZACION-EMPLEO-TEMPORAL-CONCURSO-6-PLAZAS-TRABAJADOR-SOCIAL.pdf\"><strong>BASES<\/strong><\/a><\/p>\n","protected":false},"excerpt":{"rendered":"<p class=\"excerpt\">Bases PARTICULARES por las que se regir\u00e1n los procesos selectivos que convoque la Comarca de la Comunidad de Calatayud para plazas derivadas de procesos de estabilizaci\u00f3n de empleo temporal, seg\u00fan la siguiente relaci\u00f3n. Estas bases surtir\u00e1n efecto una vez hayan sido publicadas en el Bolet\u00edn Oficial del Estado. Bases de estabilizaci\u00f3n de empleo temporal, mediante [&hellip;]<\/p>\n","protected":false},"author":2,"featured_media":7614,"comment_status":"closed","ping_status":"closed","sticky":false,"template":"","format":"standard","meta":{"footnotes":""},"categories":[43,47],"tags":[],"class_list":["post-9129","post","type-post","status-publish","format-standard","has-post-thumbnail","hentry","category-empleo-publico","category-empleo-y-desarrollo-local"],"_links":{"self":[{"href":"https:\/\/www.comunidadcalatayud.com\/index.php\/wp-json\/wp\/v2\/posts\/9129","targetHints":{"allow":["GET"]}}],"collection":[{"href":"https:\/\/www.comunidadcalatayud.com\/index.php\/wp-json\/wp\/v2\/posts"}],"about":[{"href":"https:\/\/www.comunidadcalatayud.com\/index.php\/wp-json\/wp\/v2\/types\/post"}],"author":[{"embeddable":true,"href":"https:\/\/www.comunidadcalatayud.com\/index.php\/wp-json\/wp\/v2\/users\/2"}],"replies":[{"embeddable":true,"href":"https:\/\/www.comunidadcalatayud.com\/index.php\/wp-json\/wp\/v2\/comments?post=9129"}],"version-history":[{"count":2,"href":"https:\/\/www.comunidadcalatayud.com\/index.php\/wp-json\/wp\/v2\/posts\/9129\/revisions"}],"predecessor-version":[{"id":9145,"href":"https:\/\/www.comunidadcalatayud.com\/index.php\/wp-json\/wp\/v2\/posts\/9129\/revisions\/9145"}],"wp:featuredmedia":[{"embeddable":true,"href":"https:\/\/www.comunidadcalatayud.com\/index.php\/wp-json\/wp\/v2\/media\/7614"}],"wp:attachment":[{"href":"https:\/\/www.comunidadcalatayud.com\/index.php\/wp-json\/wp\/v2\/media?parent=9129"}],"wp:term":[{"taxonomy":"category","embeddable":true,"href":"https:\/\/www.comunidadcalatayud.com\/index.php\/wp-json\/wp\/v2\/categories?post=9129"},{"taxonomy":"post_tag","embeddable":true,"href":"https:\/\/www.comunidadcalatayud.com\/index.php\/wp-json\/wp\/v2\/tags?post=9129"}],"curies":[{"name":"wp","href":"https:\/\/api.w.org\/{rel}","templated":true}]}}