{"id":8527,"date":"2020-02-11T23:24:25","date_gmt":"2020-02-11T23:24:25","guid":{"rendered":"http:\/\/www.comunidadcalatayud.com\/?p=8527"},"modified":"2020-02-11T23:27:17","modified_gmt":"2020-02-11T23:27:17","slug":"comienza-el-taller-de-empleo-atencion-sociosanitaria-comunidad-de-calatayud-iii","status":"publish","type":"post","link":"https:\/\/www.comunidadcalatayud.com\/index.php\/2020\/02\/11\/comienza-el-taller-de-empleo-atencion-sociosanitaria-comunidad-de-calatayud-iii\/","title":{"rendered":"Comienza el taller de empleo \u201cAtenci\u00f3n Sociosanitaria Comunidad de Calatayud III\u201d"},"content":{"rendered":"<p>El lunes 10 de febrero di\u00f3 comienzo el taller de empleo \u201c<strong>Atenci\u00f3n Sociosanitaria Comunidad de Calatayud III<\/strong>\u201d\u00a0promovido por la <strong>Comarca de la Comunidad de Calatayud<\/strong> y subvencionado por el Gobierno de Arag\u00f3n y el INAEM, con una duraci\u00f3n de un a\u00f1o, donde participan <strong>10 alumnos desempleados mayores de 25 a\u00f1os<\/strong>. Durante este a\u00f1o de trabajo, los alumnos\/as ser\u00e1n formados<span class=\"text_exposed_show\">\u00a0en <strong>dos certificados de profesionalidad<\/strong> ambos de nivel 2 de cualificaci\u00f3n, por un lado \u201cATENCI\u00d3N SOCIOSANITARIA A PERSONAS EN EL DOMICILIO\u201d, y por otro \u201cATENCI\u00d3N SOCIOSANITARIA A PERSONAS DEPENDIENTES EN INSTITUCIONES SOCIALES\u201d, capacit\u00e1ndoles como t\u00e9cnicos de atenci\u00f3n sociosanitaria al t\u00e9rmino del taller de empleo. Adem\u00e1s, los integrantes de este proyecto complementar\u00e1n su formaci\u00f3n adquiriendo los conocimientos necesarios en diferentes \u00e1reas transversales como son competencia digital, igualdad de g\u00e9nero, discapacidad, lengua de signos,\u2026 entre otras.<\/span><\/p>\n<p><span class=\"text_exposed_show\">Este programa formativo cuenta con una aportaci\u00f3n econ\u00f3mica realizada por el <strong>Instituto Aragon\u00e9s de Empleo<\/strong> de 237.349,30 \u20ac y con una cofinanciaci\u00f3n por parte de la <strong>Comarca Comunidad de Calatayud<\/strong> de 15.418,86 \u20ac<\/span><\/p>\n<p><img loading=\"lazy\" decoding=\"async\" class=\"aligncenter wp-image-8528 size-medium\" src=\"http:\/\/www.comunidadcalatayud.com\/wp-content\/uploads\/2020\/02\/85015023_2499351306979549_3072826672521674752_o-236x300.jpg\" alt=\"\" width=\"236\" height=\"300\" srcset=\"https:\/\/www.comunidadcalatayud.com\/wp-content\/uploads\/2020\/02\/85015023_2499351306979549_3072826672521674752_o-236x300.jpg 236w, https:\/\/www.comunidadcalatayud.com\/wp-content\/uploads\/2020\/02\/85015023_2499351306979549_3072826672521674752_o-600x764.jpg 600w, https:\/\/www.comunidadcalatayud.com\/wp-content\/uploads\/2020\/02\/85015023_2499351306979549_3072826672521674752_o.jpg 754w\" sizes=\"auto, (max-width: 236px) 100vw, 236px\" \/><\/p>\n","protected":false},"excerpt":{"rendered":"<p class=\"excerpt\">El lunes 10 de febrero di\u00f3 comienzo el taller de empleo \u201cAtenci\u00f3n Sociosanitaria Comunidad de Calatayud III\u201d\u00a0promovido por la Comarca de la Comunidad de Calatayud y subvencionado por el Gobierno de Arag\u00f3n y el INAEM, con una duraci\u00f3n de un a\u00f1o, donde participan 10 alumnos desempleados mayores de 25 a\u00f1os. Durante este a\u00f1o de trabajo, [&hellip;]<\/p>\n","protected":false},"author":2,"featured_media":7614,"comment_status":"closed","ping_status":"closed","sticky":false,"template":"","format":"standard","meta":{"footnotes":""},"categories":[34,47,41],"tags":[],"class_list":["post-8527","post","type-post","status-publish","format-standard","has-post-thumbnail","hentry","category-accion-social","category-empleo-y-desarrollo-local","category-noticias"],"_links":{"self":[{"href":"https:\/\/www.comunidadcalatayud.com\/index.php\/wp-json\/wp\/v2\/posts\/8527","targetHints":{"allow":["GET"]}}],"collection":[{"href":"https:\/\/www.comunidadcalatayud.com\/index.php\/wp-json\/wp\/v2\/posts"}],"about":[{"href":"https:\/\/www.comunidadcalatayud.com\/index.php\/wp-json\/wp\/v2\/types\/post"}],"author":[{"embeddable":true,"href":"https:\/\/www.comunidadcalatayud.com\/index.php\/wp-json\/wp\/v2\/users\/2"}],"replies":[{"embeddable":true,"href":"https:\/\/www.comunidadcalatayud.com\/index.php\/wp-json\/wp\/v2\/comments?post=8527"}],"version-history":[{"count":4,"href":"https:\/\/www.comunidadcalatayud.com\/index.php\/wp-json\/wp\/v2\/posts\/8527\/revisions"}],"predecessor-version":[{"id":8532,"href":"https:\/\/www.comunidadcalatayud.com\/index.php\/wp-json\/wp\/v2\/posts\/8527\/revisions\/8532"}],"wp:featuredmedia":[{"embeddable":true,"href":"https:\/\/www.comunidadcalatayud.com\/index.php\/wp-json\/wp\/v2\/media\/7614"}],"wp:attachment":[{"href":"https:\/\/www.comunidadcalatayud.com\/index.php\/wp-json\/wp\/v2\/media?parent=8527"}],"wp:term":[{"taxonomy":"category","embeddable":true,"href":"https:\/\/www.comunidadcalatayud.com\/index.php\/wp-json\/wp\/v2\/categories?post=8527"},{"taxonomy":"post_tag","embeddable":true,"href":"https:\/\/www.comunidadcalatayud.com\/index.php\/wp-json\/wp\/v2\/tags?post=8527"}],"curies":[{"name":"wp","href":"https:\/\/api.w.org\/{rel}","templated":true}]}}