{"id":8428,"date":"2019-12-01T23:01:25","date_gmt":"2019-12-01T23:01:25","guid":{"rendered":"http:\/\/www.comunidadcalatayud.com\/?p=8428"},"modified":"2019-12-01T23:03:06","modified_gmt":"2019-12-01T23:03:06","slug":"i-certamen-de-jota-comunidad-de-calatayud","status":"publish","type":"post","link":"https:\/\/www.comunidadcalatayud.com\/index.php\/2019\/12\/01\/i-certamen-de-jota-comunidad-de-calatayud\/","title":{"rendered":"I CERTAMEN DE JOTA COMUNIDAD DE CALATAYUD"},"content":{"rendered":"\n<p><\/p>\n\n\n\n<figure class=\"wp-block-image size-large\"><img loading=\"lazy\" decoding=\"async\" width=\"1000\" height=\"444\" src=\"http:\/\/www.comunidadcalatayud.com\/wp-content\/uploads\/2019\/12\/1.jpg\" alt=\"\" class=\"wp-image-8427\" srcset=\"https:\/\/www.comunidadcalatayud.com\/wp-content\/uploads\/2019\/12\/1.jpg 1000w, https:\/\/www.comunidadcalatayud.com\/wp-content\/uploads\/2019\/12\/1-300x133.jpg 300w, https:\/\/www.comunidadcalatayud.com\/wp-content\/uploads\/2019\/12\/1-768x341.jpg 768w, https:\/\/www.comunidadcalatayud.com\/wp-content\/uploads\/2019\/12\/1-600x266.jpg 600w\" sizes=\"auto, (max-width: 1000px) 100vw, 1000px\" \/><\/figure>\n\n\n\n<p>El pasado s\u00e1bado se celebr\u00f3 la gran final del <strong>Primer Certamen de Jota Aragonesa Comunidad de Calatayud<\/strong>. Un certamen que se ha desarrollado durante dos fines de semana consecutivos en el sal\u00f3n de actos de Claretianos, en Calatayud, y que ha contado con una alt\u00edsima participaci\u00f3n en cada una de las categor\u00edas participantes: alev\u00edn, infantil y juvenil.<\/p>\n\n\n\n<p>Los encargados de poner el broche final fueron los grand\u00edsimos joteros bilbilitanos Yolanda Larpa y Nacho del r\u00edo, quienes pusieron en p\u00ede al p\u00fablico asistente.<\/p>\n\n\n\n<figure class=\"wp-block-image size-large\"><img loading=\"lazy\" decoding=\"async\" width=\"1000\" height=\"723\" src=\"http:\/\/www.comunidadcalatayud.com\/wp-content\/uploads\/2019\/12\/2.jpg\" alt=\"\" class=\"wp-image-8426\" srcset=\"https:\/\/www.comunidadcalatayud.com\/wp-content\/uploads\/2019\/12\/2.jpg 1000w, https:\/\/www.comunidadcalatayud.com\/wp-content\/uploads\/2019\/12\/2-300x217.jpg 300w, https:\/\/www.comunidadcalatayud.com\/wp-content\/uploads\/2019\/12\/2-768x555.jpg 768w, https:\/\/www.comunidadcalatayud.com\/wp-content\/uploads\/2019\/12\/2-600x434.jpg 600w\" sizes=\"auto, (max-width: 1000px) 100vw, 1000px\" \/><\/figure>\n\n\n\n<p>El jurado no lo tuvo nada f\u00e1cil para dictaminar qui\u00e9nes eran los ganadores de este primer certamen de Jota que dieron como resultado lo siguiente:<\/p>\n\n\n\n<p><strong>Canto alev\u00edn masculino<\/strong><br>1.- Alejandro Egea<br>2.- Daniel Utrilla<br>3.- Lucas Berbegal.<\/p>\n\n\n\n<p><strong>Canto alev\u00edn femenino<\/strong><br>1.- Mar\u00eda Pilar Clos<br>2.- Estefan\u00eda P\u00e9rez<br>3.- Luc\u00eda Mart\u00ednez.<\/p>\n\n\n\n<p><strong>Canto infantil masculino<\/strong><br>1.- Jorge Boned,<br>2.- Asier Colas<br>3.- Sa\u00fal Lahoz<\/p>\n\n\n\n<p><strong>Canto infantil femenino<\/strong><br>1.- Keyla Jim\u00e9nez<br>2.- Luc\u00eda L\u00f3pez<br>3.- Cayetana Rom\u00e1n.<\/p>\n\n\n\n<p><strong>Canto juvenil masculino<\/strong><br>1.- Alejandro Espinosa<br>2.- Adri\u00e1n Garc\u00eda<br>3.- Pablo Casta\u00f1<\/p>\n\n\n\n<p><strong>Canto juvenil femenino<\/strong><br>1.- Pilar Jos\u00e9 Mart\u00edn<br>2.- Adriana Zaratiegui<br>3.- Desierto<\/p>\n\n\n\n<p><strong>Baile juvenil<\/strong><br>1.- Marcos Ramos y Leire Cort\u00e9s<br>2.- Iris Gracia y Alfonso Ortigosa<br>3.- Miguel S\u00e1nchez y Yaiza Lozano<\/p>\n\n\n\n<p><strong>Baile infanti<\/strong>l<br>1.- Mario vijuesca y Paula Gracia<br>2.- Pablo Gast\u00f3n y Beatriz las Heras<br>3.- Celia Fern\u00e1ndez y Diego Gines<\/p>\n\n\n\n<p>El premio para la <strong>mejor voz<\/strong> fue para Jorge Bonet<\/p>\n\n\n\n<p>El premio a la <strong>mejor indumentaria masculina<\/strong> fue para Jorge Bonet<\/p>\n\n\n\n<p>El premio para <strong>mejor indumentaria femenina<\/strong> fue para Sof\u00eda Sanz<\/p>\n\n\n\n<p>Y el premio a la <strong>mejor letra alusiva a la Dolores<\/strong> fue para la jota interpretada por Keila Gim\u00e9nez<\/p>\n\n\n\n<p>Agradecer la colaboraci\u00f3n del Ayuntamiento de Carenas y felicitar a la Asociaci\u00f3n Cultural La Dolores por la buena organizaci\u00f3n del certamen.<\/p>\n","protected":false},"excerpt":{"rendered":"<p class=\"excerpt\">El pasado s\u00e1bado se celebr\u00f3 la gran final del Primer Certamen de Jota Aragonesa Comunidad de Calatayud. Un certamen que se ha desarrollado durante dos fines de semana consecutivos en el sal\u00f3n de actos de Claretianos, en Calatayud, y que ha contado con una alt\u00edsima participaci\u00f3n en cada una de las categor\u00edas participantes: alev\u00edn, infantil [&hellip;]<\/p>\n","protected":false},"author":2,"featured_media":8426,"comment_status":"closed","ping_status":"closed","sticky":false,"template":"","format":"standard","meta":{"footnotes":""},"categories":[35,41],"tags":[],"class_list":["post-8428","post","type-post","status-publish","format-standard","has-post-thumbnail","hentry","category-cultura","category-noticias"],"_links":{"self":[{"href":"https:\/\/www.comunidadcalatayud.com\/index.php\/wp-json\/wp\/v2\/posts\/8428","targetHints":{"allow":["GET"]}}],"collection":[{"href":"https:\/\/www.comunidadcalatayud.com\/index.php\/wp-json\/wp\/v2\/posts"}],"about":[{"href":"https:\/\/www.comunidadcalatayud.com\/index.php\/wp-json\/wp\/v2\/types\/post"}],"author":[{"embeddable":true,"href":"https:\/\/www.comunidadcalatayud.com\/index.php\/wp-json\/wp\/v2\/users\/2"}],"replies":[{"embeddable":true,"href":"https:\/\/www.comunidadcalatayud.com\/index.php\/wp-json\/wp\/v2\/comments?post=8428"}],"version-history":[{"count":2,"href":"https:\/\/www.comunidadcalatayud.com\/index.php\/wp-json\/wp\/v2\/posts\/8428\/revisions"}],"predecessor-version":[{"id":8430,"href":"https:\/\/www.comunidadcalatayud.com\/index.php\/wp-json\/wp\/v2\/posts\/8428\/revisions\/8430"}],"wp:featuredmedia":[{"embeddable":true,"href":"https:\/\/www.comunidadcalatayud.com\/index.php\/wp-json\/wp\/v2\/media\/8426"}],"wp:attachment":[{"href":"https:\/\/www.comunidadcalatayud.com\/index.php\/wp-json\/wp\/v2\/media?parent=8428"}],"wp:term":[{"taxonomy":"category","embeddable":true,"href":"https:\/\/www.comunidadcalatayud.com\/index.php\/wp-json\/wp\/v2\/categories?post=8428"},{"taxonomy":"post_tag","embeddable":true,"href":"https:\/\/www.comunidadcalatayud.com\/index.php\/wp-json\/wp\/v2\/tags?post=8428"}],"curies":[{"name":"wp","href":"https:\/\/api.w.org\/{rel}","templated":true}]}}