{"id":8361,"date":"2019-10-30T22:04:48","date_gmt":"2019-10-30T22:04:48","guid":{"rendered":"http:\/\/www.comunidadcalatayud.com\/?p=8361"},"modified":"2022-01-18T10:02:30","modified_gmt":"2022-01-18T10:02:30","slug":"catalogo-cultural-2019","status":"publish","type":"post","link":"https:\/\/www.comunidadcalatayud.com\/index.php\/2019\/10\/30\/catalogo-cultural-2019\/","title":{"rendered":"CATALOGO CULTURAL 2019"},"content":{"rendered":"\n<p>La cultura es una de las competencias pertenecientes a las Comarcas, y desde la Comarca de la Comunidad de Calatayud se pretende dinamizar las actividades culturales en todos sus municipios, independientemente del n\u00famero de habitantes o las caracter\u00edsticas de estos, intentando llegar cada a\u00f1o a un mayor n\u00famero de poblaci\u00f3n. Para la promoci\u00f3n de la Cultura, se ha vuelto a aprobar el Cat\u00e1logo Cultural, con los distintos grupos residentes en la Comarca y que pertenecen al teatro, coral , grupos musicales o pertenecientes al folklore tradicional, para cuya contrataci\u00f3n se van a convocar una serie de las que se podr\u00e1n beneficiar la totalidad de municipios de la Comarca. <\/p>\n\n\n\n<ul class=\"wp-block-list\"><li><a href=\"http:\/\/www.comunidadcalatayud.com\/wp-content\/uploads\/2019\/10\/BASESCIRCUITOCULTURALCOMARCAL-2019.pdf\">Bases Circuito Cultural 2019<\/a><\/li><li><a href=\"http:\/\/www.comunidadcalatayud.com\/wp-content\/uploads\/2019\/10\/Anexos-Circuito-Cultural-2019.docx\">Anex<\/a><a href=\"http:\/\/www.comunidadcalatayud.com\/wp-content\/uploads\/2019\/10\/CAT\u00c1LOGO-CULTURAL-COMARCAL-2019_compressed.pdf\">os<\/a><\/li><li><a href=\"http:\/\/www.comunidadcalatayud.com\/wp-content\/uploads\/2019\/10\/CAT\u00c1LOGO-CULTURAL-COMARCAL-2019_compressed.pdf\">Cat\u00e1logo Cultural 2019<\/a><\/li><\/ul>\n","protected":false},"excerpt":{"rendered":"<p class=\"excerpt\">La cultura es una de las competencias pertenecientes a las Comarcas, y desde la Comarca de la Comunidad de Calatayud se pretende dinamizar las actividades culturales en todos sus municipios, independientemente del n\u00famero de habitantes o las caracter\u00edsticas de estos, intentando llegar cada a\u00f1o a un mayor n\u00famero de poblaci\u00f3n. Para la promoci\u00f3n de la [&hellip;]<\/p>\n","protected":false},"author":2,"featured_media":7614,"comment_status":"closed","ping_status":"closed","sticky":false,"template":"","format":"standard","meta":{"footnotes":""},"categories":[35,41,44],"tags":[],"class_list":["post-8361","post","type-post","status-publish","format-standard","has-post-thumbnail","hentry","category-cultura","category-noticias","category-subvenciones"],"_links":{"self":[{"href":"https:\/\/www.comunidadcalatayud.com\/index.php\/wp-json\/wp\/v2\/posts\/8361","targetHints":{"allow":["GET"]}}],"collection":[{"href":"https:\/\/www.comunidadcalatayud.com\/index.php\/wp-json\/wp\/v2\/posts"}],"about":[{"href":"https:\/\/www.comunidadcalatayud.com\/index.php\/wp-json\/wp\/v2\/types\/post"}],"author":[{"embeddable":true,"href":"https:\/\/www.comunidadcalatayud.com\/index.php\/wp-json\/wp\/v2\/users\/2"}],"replies":[{"embeddable":true,"href":"https:\/\/www.comunidadcalatayud.com\/index.php\/wp-json\/wp\/v2\/comments?post=8361"}],"version-history":[{"count":2,"href":"https:\/\/www.comunidadcalatayud.com\/index.php\/wp-json\/wp\/v2\/posts\/8361\/revisions"}],"predecessor-version":[{"id":8363,"href":"https:\/\/www.comunidadcalatayud.com\/index.php\/wp-json\/wp\/v2\/posts\/8361\/revisions\/8363"}],"wp:featuredmedia":[{"embeddable":true,"href":"https:\/\/www.comunidadcalatayud.com\/index.php\/wp-json\/wp\/v2\/media\/7614"}],"wp:attachment":[{"href":"https:\/\/www.comunidadcalatayud.com\/index.php\/wp-json\/wp\/v2\/media?parent=8361"}],"wp:term":[{"taxonomy":"category","embeddable":true,"href":"https:\/\/www.comunidadcalatayud.com\/index.php\/wp-json\/wp\/v2\/categories?post=8361"},{"taxonomy":"post_tag","embeddable":true,"href":"https:\/\/www.comunidadcalatayud.com\/index.php\/wp-json\/wp\/v2\/tags?post=8361"}],"curies":[{"name":"wp","href":"https:\/\/api.w.org\/{rel}","templated":true}]}}