{"id":8073,"date":"2018-12-22T12:12:40","date_gmt":"2018-12-22T12:12:40","guid":{"rendered":"http:\/\/www.comunidadcalatayud.com\/?p=8073"},"modified":"2018-12-22T12:22:46","modified_gmt":"2018-12-22T12:22:46","slug":"el-inaem-aprueba-dos-nuevos-talleres-de-empleo-a-la-comarca-comunidad-de-calatayud","status":"publish","type":"post","link":"https:\/\/www.comunidadcalatayud.com\/index.php\/2018\/12\/22\/el-inaem-aprueba-dos-nuevos-talleres-de-empleo-a-la-comarca-comunidad-de-calatayud\/","title":{"rendered":"Dos nuevos Talleres de Empleo para la Comarca Comunidad de Calatayud"},"content":{"rendered":"\n<p>El\nINAEM ha aprobado dos talleres de empleo solicitados por la Comarca Comunidad\nde Calatayud, que comenzar\u00e1n en Febrero de 2019 &nbsp;y formar\u00e1n a 20 alumnos, mayores de 25 a\u00f1os y\nque se encuentren en situaci\u00f3n de desempleo e inscritos en las listas del\nINAEM.<\/p>\n\n\n\n<p>Ambos talleres dar\u00e1n comienzo el d\u00eda 1 de Febrero y tendr\u00e1n una duraci\u00f3n de un a\u00f1o. La selecci\u00f3n de los candidatos se realizar\u00e1 durante el mes de Enero por el INAEM y se impartir\u00e1n en las instalaciones de la Comarca y con ambos se recibir\u00e1, una vez superado, el certificado de profesionalidad.<br><\/p>\n\n\n\n<p>Uno\nde los talleres lleva como nombre \u00abATENCI\u00d3N SOCIOSANITARIA COMUNIDAD DE\nCALATAYUD II\u00bb y el certificado de profesionalidad que se otorgar\u00e1 es el de\n\u00abAtenci\u00f3n sociosanitaria en domicilio e instituciones\u00bb. <\/p>\n\n\n\n<p>El\notro taller, bajo el nombre \u00abDESCUBRE TU COMARCA\u00bb, otorgar\u00e1 el\ncertificado de \u00abPromoci\u00f3n tur\u00edstica local e informaci\u00f3n al visitante\u00bb.\n<\/p>\n\n\n\n<p>Los interesados deber\u00e1n acudir, antes del d\u00eda 8 de\nenero, a las oficinas del INAEM en Calatayud, Calle Amparados, 2. Tel\u00e9fono: 976\n88 31 49<\/p>\n\n\n\n<p>Ambos\nTalleres se presentar\u00e1n el d\u00eda 8 de Enero de 2019, en la sede de la Comarca\nComunidad de Calatayud, a las 10h. el Sociosanitario y a las 11h. el de\npromoci\u00f3n tur\u00edstica.<\/p>\n\n\n\n<figure class=\"wp-block-image\"><img loading=\"lazy\" decoding=\"async\" width=\"724\" height=\"1024\" src=\"http:\/\/www.comunidadcalatayud.com\/wp-content\/uploads\/2018\/12\/taller-de-empleo-724x1024.jpg\" alt=\"\" class=\"wp-image-8074\" srcset=\"https:\/\/www.comunidadcalatayud.com\/wp-content\/uploads\/2018\/12\/taller-de-empleo-724x1024.jpg 724w, https:\/\/www.comunidadcalatayud.com\/wp-content\/uploads\/2018\/12\/taller-de-empleo-212x300.jpg 212w, https:\/\/www.comunidadcalatayud.com\/wp-content\/uploads\/2018\/12\/taller-de-empleo-768x1086.jpg 768w, https:\/\/www.comunidadcalatayud.com\/wp-content\/uploads\/2018\/12\/taller-de-empleo-600x849.jpg 600w, https:\/\/www.comunidadcalatayud.com\/wp-content\/uploads\/2018\/12\/taller-de-empleo-340x480.jpg 340w\" sizes=\"auto, (max-width: 724px) 100vw, 724px\" \/><\/figure>\n","protected":false},"excerpt":{"rendered":"<p class=\"excerpt\">El INAEM ha aprobado dos talleres de empleo solicitados por la Comarca Comunidad de Calatayud, que comenzar\u00e1n en Febrero de 2019 &nbsp;y formar\u00e1n a 20 alumnos, mayores de 25 a\u00f1os y que se encuentren en situaci\u00f3n de desempleo e inscritos en las listas del INAEM. Ambos talleres dar\u00e1n comienzo el d\u00eda 1 de Febrero y [&hellip;]<\/p>\n","protected":false},"author":2,"featured_media":8076,"comment_status":"closed","ping_status":"open","sticky":false,"template":"","format":"standard","meta":{"footnotes":""},"categories":[34,43,41],"tags":[],"class_list":["post-8073","post","type-post","status-publish","format-standard","has-post-thumbnail","hentry","category-accion-social","category-empleo-publico","category-noticias"],"_links":{"self":[{"href":"https:\/\/www.comunidadcalatayud.com\/index.php\/wp-json\/wp\/v2\/posts\/8073","targetHints":{"allow":["GET"]}}],"collection":[{"href":"https:\/\/www.comunidadcalatayud.com\/index.php\/wp-json\/wp\/v2\/posts"}],"about":[{"href":"https:\/\/www.comunidadcalatayud.com\/index.php\/wp-json\/wp\/v2\/types\/post"}],"author":[{"embeddable":true,"href":"https:\/\/www.comunidadcalatayud.com\/index.php\/wp-json\/wp\/v2\/users\/2"}],"replies":[{"embeddable":true,"href":"https:\/\/www.comunidadcalatayud.com\/index.php\/wp-json\/wp\/v2\/comments?post=8073"}],"version-history":[{"count":3,"href":"https:\/\/www.comunidadcalatayud.com\/index.php\/wp-json\/wp\/v2\/posts\/8073\/revisions"}],"predecessor-version":[{"id":8080,"href":"https:\/\/www.comunidadcalatayud.com\/index.php\/wp-json\/wp\/v2\/posts\/8073\/revisions\/8080"}],"wp:featuredmedia":[{"embeddable":true,"href":"https:\/\/www.comunidadcalatayud.com\/index.php\/wp-json\/wp\/v2\/media\/8076"}],"wp:attachment":[{"href":"https:\/\/www.comunidadcalatayud.com\/index.php\/wp-json\/wp\/v2\/media?parent=8073"}],"wp:term":[{"taxonomy":"category","embeddable":true,"href":"https:\/\/www.comunidadcalatayud.com\/index.php\/wp-json\/wp\/v2\/categories?post=8073"},{"taxonomy":"post_tag","embeddable":true,"href":"https:\/\/www.comunidadcalatayud.com\/index.php\/wp-json\/wp\/v2\/tags?post=8073"}],"curies":[{"name":"wp","href":"https:\/\/api.w.org\/{rel}","templated":true}]}}