{"id":7751,"date":"2018-05-08T10:34:03","date_gmt":"2018-05-08T10:34:03","guid":{"rendered":"http:\/\/www.comunidadcalatayud.com\/?p=7751"},"modified":"2018-07-03T09:27:01","modified_gmt":"2018-07-03T09:27:01","slug":"abiertas-las-bolsas-de-trabajo-de-trabajadores-sociales-y-educadores-sociales","status":"publish","type":"post","link":"https:\/\/www.comunidadcalatayud.com\/index.php\/2018\/05\/08\/abiertas-las-bolsas-de-trabajo-de-trabajadores-sociales-y-educadores-sociales\/","title":{"rendered":"Bolsa de Trabajo de Trabajadores Sociales y Educadores Sociales"},"content":{"rendered":"<p>Se han abierto las Bolsas de Trabajadores Sociales y Educadores Sociales para la Comarca de la Comunidad de Calatayud. Las bases publicadas y el modelo de instancia a presentar son las siguientes, concluyendo el plazo de presentaci\u00f3n el 16 de marzo de 2018.<\/p>\n<p><a href=\"http:\/\/www.comunidadcalatayud.com\/wp-content\/uploads\/2018\/03\/Bases_Bolsa_TrabajadoresSociales.pdf\">Bases de la Bolsa de Trabajadores Sociales<\/a><\/p>\n<p><a href=\"http:\/\/www.comunidadcalatayud.com\/wp-content\/uploads\/2018\/03\/Bases_Bolsa_EducadoresSociales.pdf\">Bases de la\u00a0Bolsa de Educadores Sociales<\/a><\/p>\n<p><a href=\"http:\/\/www.comunidadcalatayud.com\/wp-content\/uploads\/2018\/03\/ANEXO-1.-MODELO-DE-INSTANCIA.docx\">ANEXO 1. MODELO DE INSTANCIA<\/a><\/p>\n<p><a href=\"http:\/\/www.comunidadcalatayud.com\/wp-content\/uploads\/2018\/03\/ListadoProvisionalesTrabajadoresSociales2018.pdf\">04.05.18 Listado Provisional de aspirantes admitidos y excluidos, convocatoria y tribunal. Bolsa de Trabajo para contrataci\u00f3n temporal de Trabajadores Sociales <\/a><\/p>\n<p><a href=\"http:\/\/www.comunidadcalatayud.com\/wp-content\/uploads\/2018\/05\/ListadoAdmitidosExcluidosBolsaTrabajadoresSociales2018.pdf\">25.05.18 Listado\u00a0Definitivo\u00a0de\u00a0aspirantes\u00a0admitidos\u00a0y\u00a0excluidos, as\u00ed como\u00a0la Convocatoria\u00a0para\u00a0prueba\u00a0de\u00a0la\u00a0Bolsa\u00a0de\u00a0Trabajo\u00a0de\u00a0Trabajadores\u00a0Sociales<\/a><\/p>\n<p><a href=\"http:\/\/www.comunidadcalatayud.com\/wp-content\/uploads\/2018\/05\/NOTA-TRIBUNAL-1.pdf\">NOTA TRIBUNAL<\/a><\/p>\n<p><strong><u>12.06.18 NOTA DEL TRIBUNAL<\/u><\/strong><\/p>\n<p><span style=\"line-height: 150%; font-family: 'Arial','sans-serif'; font-size: 11pt;\"><span style=\"color: #000000;\">Debido a error detectado en la correcci\u00f3n de la prueba tipo test de la Fase de Oposici\u00f3n para la creaci\u00f3n de la Bolsa de Trabajo de Trabajadores Sociales de la Comarca de la Comunidad de Calatayud, concretamente en la respuesta considerada v\u00e1lida en la pregunta n\u00ba 7, (error en la plantilla de correcci\u00f3n en la que figura la respuesta correcta \u201cC\u201d cuando deber\u00eda de haber sido la \u201cB\u201d), se proceder\u00e1 por el Tribunal a una revisi\u00f3n de la prueba publicando en el Tabl\u00f3n de Anuncios y en la P\u00e1gina web comarcal los resultados de dicha revisi\u00f3n.<\/span><\/span><\/p>\n<p><span style=\"line-height: 150%; font-family: 'Arial','sans-serif'; font-size: 11pt;\"><span style=\"color: #000000;\">\u00a0<\/span><\/span><span style=\"line-height: 150%; font-family: 'Arial','sans-serif'; font-size: 11pt;\"><span style=\"color: #000000;\">La reuni\u00f3n del Tribunal est\u00e1 prevista para ma\u00f1ana <strong>13 de junio en la sede de la Comarca de la Comunidad de Calatayud.<\/strong><\/span><\/span><\/p>\n<p><a href=\"http:\/\/www.comunidadcalatayud.com\/wp-content\/uploads\/2018\/05\/ListaDefinitivaEducadoresSocial.pdf\">12.06.18 Listado\u00a0Definitivo\u00a0de\u00a0aspirantes\u00a0admitidos\u00a0y\u00a0excluidos,\u00a0as\u00ed\u00a0como\u00a0designaci\u00f3n\u00a0de\u00a0tribunal\u00a0y\u00a0convocatoria\u00a0a\u00a0prueba\u00a0tipo\u00a0test\u00a0para\u00a0la\u00a0creaci\u00f3n\u00a0de\u00a0bolsa\u00a0de\u00a0Educadores\u00a0Sociales.<\/a><\/p>\n<p>14.06.18 Propuesta del\u00a0Tribunal para la creaci\u00f3n de la\u00a0Bolsa de Trabajadores Sociales de la Comarca de la Comunidad de Calatayud (Anexo V), tras la reuni\u00f3n del 13.06.18. Consultar documentos siguientes:<\/p>\n<p><a href=\"http:\/\/www.comunidadcalatayud.com\/wp-content\/uploads\/2018\/05\/ActaTribunal.pdf\">Acta del Tribunal<\/a><\/p>\n<p><a href=\"http:\/\/www.comunidadcalatayud.com\/wp-content\/uploads\/2018\/05\/Puntuaci\u00f3n.pdf\">Puntuaci\u00f3n.\u00a0Anexo\u00a0V\u00a0del\u00a0Acta<\/a><\/p>\n<p><a href=\"http:\/\/www.comunidadcalatayud.com\/wp-content\/uploads\/2018\/05\/RespuestasCorrectasTest.pdf\">Respuestas\u00a0 de la prueba tipo test para la bolsa de Trabajadores Sociales.<\/a><\/p>\n<p><a href=\"http:\/\/www.comunidadcalatayud.com\/wp-content\/uploads\/2018\/05\/AprobacionBolsaTrabajadoresSociales.pdf\">25.06.18 Aprobaci\u00f3n de la Bolsa de Trabajadores Sociales<\/a><\/p>\n<p><a href=\"http:\/\/www.comunidadcalatayud.com\/wp-content\/uploads\/2018\/05\/AnexoIII.PropuestaBolsaEducadoresSociales.pdf\">25.06.18 Propuesta del Tribunal para la creaci\u00f3n de la Bolsa de Educadores Sociales<\/a><\/p>\n<p><a href=\"http:\/\/www.comunidadcalatayud.com\/wp-content\/uploads\/2018\/05\/respuestastestEducadoresSociales.pdf\">Respuestas prueba tipo test de Educadores Sociales.<\/a><\/p>\n<p><a href=\"http:\/\/www.comunidadcalatayud.com\/wp-content\/uploads\/2018\/05\/AprobacionBolsaTrabajoEducadores.pdf\">03.07.18 Aprobaci\u00f3n de la Bolsa de Trabajo de Educadores Sociales<\/a><\/p>\n","protected":false},"excerpt":{"rendered":"<p class=\"excerpt\">Se han abierto las Bolsas de Trabajadores Sociales y Educadores Sociales para la Comarca de la Comunidad de Calatayud. Las bases publicadas y el modelo de instancia a presentar son las siguientes, concluyendo el plazo de presentaci\u00f3n el 16 de marzo de 2018. Bases de la Bolsa de Trabajadores Sociales Bases de la\u00a0Bolsa de Educadores [&hellip;]<\/p>\n","protected":false},"author":2,"featured_media":7614,"comment_status":"closed","ping_status":"open","sticky":false,"template":"","format":"standard","meta":{"footnotes":""},"categories":[34,43,41],"tags":[],"class_list":["post-7751","post","type-post","status-publish","format-standard","has-post-thumbnail","hentry","category-accion-social","category-empleo-publico","category-noticias"],"_links":{"self":[{"href":"https:\/\/www.comunidadcalatayud.com\/index.php\/wp-json\/wp\/v2\/posts\/7751","targetHints":{"allow":["GET"]}}],"collection":[{"href":"https:\/\/www.comunidadcalatayud.com\/index.php\/wp-json\/wp\/v2\/posts"}],"about":[{"href":"https:\/\/www.comunidadcalatayud.com\/index.php\/wp-json\/wp\/v2\/types\/post"}],"author":[{"embeddable":true,"href":"https:\/\/www.comunidadcalatayud.com\/index.php\/wp-json\/wp\/v2\/users\/2"}],"replies":[{"embeddable":true,"href":"https:\/\/www.comunidadcalatayud.com\/index.php\/wp-json\/wp\/v2\/comments?post=7751"}],"version-history":[{"count":17,"href":"https:\/\/www.comunidadcalatayud.com\/index.php\/wp-json\/wp\/v2\/posts\/7751\/revisions"}],"predecessor-version":[{"id":7986,"href":"https:\/\/www.comunidadcalatayud.com\/index.php\/wp-json\/wp\/v2\/posts\/7751\/revisions\/7986"}],"wp:featuredmedia":[{"embeddable":true,"href":"https:\/\/www.comunidadcalatayud.com\/index.php\/wp-json\/wp\/v2\/media\/7614"}],"wp:attachment":[{"href":"https:\/\/www.comunidadcalatayud.com\/index.php\/wp-json\/wp\/v2\/media?parent=7751"}],"wp:term":[{"taxonomy":"category","embeddable":true,"href":"https:\/\/www.comunidadcalatayud.com\/index.php\/wp-json\/wp\/v2\/categories?post=7751"},{"taxonomy":"post_tag","embeddable":true,"href":"https:\/\/www.comunidadcalatayud.com\/index.php\/wp-json\/wp\/v2\/tags?post=7751"}],"curies":[{"name":"wp","href":"https:\/\/api.w.org\/{rel}","templated":true}]}}