{"id":7616,"date":"2018-03-15T12:14:11","date_gmt":"2018-03-15T12:14:11","guid":{"rendered":"http:\/\/www.comunidadcalatayud.com\/?p=7616"},"modified":"2018-04-24T12:48:17","modified_gmt":"2018-04-24T12:48:17","slug":"actualizacion-bolsa-auxiliares-ayuda-a-domicilio-para-el-ano-2018","status":"publish","type":"post","link":"https:\/\/www.comunidadcalatayud.com\/index.php\/2018\/03\/15\/actualizacion-bolsa-auxiliares-ayuda-a-domicilio-para-el-ano-2018\/","title":{"rendered":"Actualizaci\u00f3n de la Bolsa de Auxiliares de Ayuda a Domicilio para el a\u00f1o 2018"},"content":{"rendered":"<p>ACTUALIZACI\u00d3N BOLSA AUXILIARES AYUDA A DOMICILIO &#8211;\u00a02018<\/p>\n<p>Del 15 al 31 de enero de 2018 se abre el plazo de presentaci\u00f3n de instancias para la actualizaci\u00f3n de la bolsa de empleo para la contrataci\u00f3n con car\u00e1cter temporal de auxiliares del Servicio de Ayuda a Domicilio de la Comarca Comunidad de Calatayud.<\/p>\n<p>Esta bolsa de empleo ir\u00e1 dirigida a atender las necesidades que surjan en el Servicio (ya sean por bajas, sustituciones, vacaciones u otras vacantes por necesidades circunstanciales), seg\u00fan se recoge en las bases publicadas en el BOP n\u00ba 82 de 13 de abril de 2015 de creaci\u00f3n de la Bolsa de Empleo.<\/p>\n<p><strong>15.03.2018\u00a0<\/strong><a href=\"http:\/\/www.comunidadcalatayud.com\/wp-content\/uploads\/2018\/01\/BolsaProvisionaldeAuxDomicilio.pdf\">Listado de la Bolsa Provisional de Auxiliares de ayuda a Domicilio<\/a><\/p>\n<p><strong>06.04.2018 <\/strong><a href=\"http:\/\/www.comunidadcalatayud.com\/wp-content\/uploads\/2018\/03\/bolsadefinitivaaux.pdf\">Listado definitivo admitidos y excluidos de la bolsa de Auxiliares de Ayuda a Domicilio<\/a><\/p>\n<p style=\"text-align: left;\"><strong>13.04.2018<\/strong> Publicaci\u00f3n del <a href=\"http:\/\/www.comunidadcalatayud.com\/wp-content\/uploads\/2018\/03\/actavaloracionbolsaaux2018.pdf\">Acta\u00a0del\u00a0Tribunal\u00a0<\/a>de valoraci\u00f3n\u00a0 provisional de la bolsa de empleo de auxiliares de ayuda a domicilio de esta Comarca de la anualidad 2018. Se abre un periodo de cinco d\u00edas h\u00e1biles a efectos de alegaciones. En caso de no producirse ninguna alegaci\u00f3n el acta<br \/>\nprovisional se elevar\u00e1 autom\u00e1ticamente a definitiva. Consultar<\/p>\n<ol>\n<li><a href=\"http:\/\/www.comunidadcalatayud.com\/wp-content\/uploads\/2018\/03\/actavaloracionbolsaaux2018.pdf\">Acta\u00a0del\u00a0Tribunal\u00a0<\/a><\/li>\n<li><a href=\"http:\/\/www.comunidadcalatayud.com\/wp-content\/uploads\/2018\/03\/tablavaloracionbolsaaux2018.pdf\">Tabla<\/a><\/li>\n<\/ol>\n<p><strong>24.04.2018<\/strong> .<a href=\"http:\/\/www.comunidadcalatayud.com\/wp-content\/uploads\/2018\/03\/ResolucionDefinitivaBolsaAux2018.pdf\">Resoluci\u00f3n definitiva\u00a0de la actualizaci\u00f3n de la Bolsa de Auxiliares de Ayuda a Domicilio 2018<\/a><\/p>\n","protected":false},"excerpt":{"rendered":"<p class=\"excerpt\">ACTUALIZACI\u00d3N BOLSA AUXILIARES AYUDA A DOMICILIO &#8211;\u00a02018 Del 15 al 31 de enero de 2018 se abre el plazo de presentaci\u00f3n de instancias para la actualizaci\u00f3n de la bolsa de empleo para la contrataci\u00f3n con car\u00e1cter temporal de auxiliares del Servicio de Ayuda a Domicilio de la Comarca Comunidad de Calatayud. Esta bolsa de empleo [&hellip;]<\/p>\n","protected":false},"author":2,"featured_media":7617,"comment_status":"closed","ping_status":"open","sticky":false,"template":"","format":"standard","meta":{"footnotes":""},"categories":[34,43,41],"tags":[],"class_list":["post-7616","post","type-post","status-publish","format-standard","has-post-thumbnail","hentry","category-accion-social","category-empleo-publico","category-noticias"],"_links":{"self":[{"href":"https:\/\/www.comunidadcalatayud.com\/index.php\/wp-json\/wp\/v2\/posts\/7616","targetHints":{"allow":["GET"]}}],"collection":[{"href":"https:\/\/www.comunidadcalatayud.com\/index.php\/wp-json\/wp\/v2\/posts"}],"about":[{"href":"https:\/\/www.comunidadcalatayud.com\/index.php\/wp-json\/wp\/v2\/types\/post"}],"author":[{"embeddable":true,"href":"https:\/\/www.comunidadcalatayud.com\/index.php\/wp-json\/wp\/v2\/users\/2"}],"replies":[{"embeddable":true,"href":"https:\/\/www.comunidadcalatayud.com\/index.php\/wp-json\/wp\/v2\/comments?post=7616"}],"version-history":[{"count":9,"href":"https:\/\/www.comunidadcalatayud.com\/index.php\/wp-json\/wp\/v2\/posts\/7616\/revisions"}],"predecessor-version":[{"id":7854,"href":"https:\/\/www.comunidadcalatayud.com\/index.php\/wp-json\/wp\/v2\/posts\/7616\/revisions\/7854"}],"wp:featuredmedia":[{"embeddable":true,"href":"https:\/\/www.comunidadcalatayud.com\/index.php\/wp-json\/wp\/v2\/media\/7617"}],"wp:attachment":[{"href":"https:\/\/www.comunidadcalatayud.com\/index.php\/wp-json\/wp\/v2\/media?parent=7616"}],"wp:term":[{"taxonomy":"category","embeddable":true,"href":"https:\/\/www.comunidadcalatayud.com\/index.php\/wp-json\/wp\/v2\/categories?post=7616"},{"taxonomy":"post_tag","embeddable":true,"href":"https:\/\/www.comunidadcalatayud.com\/index.php\/wp-json\/wp\/v2\/tags?post=7616"}],"curies":[{"name":"wp","href":"https:\/\/api.w.org\/{rel}","templated":true}]}}