{"id":7490,"date":"2017-10-31T08:47:09","date_gmt":"2017-10-31T08:47:09","guid":{"rendered":"http:\/\/www.comunidadcalatayud.com\/?p=7490"},"modified":"2017-10-31T09:00:53","modified_gmt":"2017-10-31T09:00:53","slug":"curso-para-auxiliares-sad","status":"publish","type":"post","link":"https:\/\/www.comunidadcalatayud.com\/index.php\/2017\/10\/31\/curso-para-auxiliares-sad\/","title":{"rendered":"Curso para auxiliares SAD"},"content":{"rendered":"<p>El pr\u00f3ximo mi\u00e9rcoles d\u00eda 8 de noviembre comienza el Curso de Inteligencia emocional y otras herramientas para el desarrollo personal y profesional de las auxiliares del Servicio de Ayuda a Domicilio, que prestan su servicio en la Comarca de la Comunidad de Calatayud. El curso se desarrollar\u00e1 todos mi\u00e9rcoles del mes de noviembre en horario de tardes de 17:00 a 19:30 horas, en la Sede Comarcal.<\/p>\n","protected":false},"excerpt":{"rendered":"<p class=\"excerpt\">El pr\u00f3ximo mi\u00e9rcoles d\u00eda 8 de noviembre comienza el Curso de Inteligencia emocional y otras herramientas para el desarrollo personal y profesional de las auxiliares del Servicio de Ayuda a Domicilio, que prestan su servicio en la Comarca de la Comunidad de Calatayud. El curso se desarrollar\u00e1 todos mi\u00e9rcoles del mes de noviembre en horario [&hellip;]<\/p>\n","protected":false},"author":1,"featured_media":0,"comment_status":"closed","ping_status":"open","sticky":false,"template":"","format":"standard","meta":{"footnotes":""},"categories":[34],"tags":[],"class_list":["post-7490","post","type-post","status-publish","format-standard","hentry","category-accion-social"],"_links":{"self":[{"href":"https:\/\/www.comunidadcalatayud.com\/index.php\/wp-json\/wp\/v2\/posts\/7490","targetHints":{"allow":["GET"]}}],"collection":[{"href":"https:\/\/www.comunidadcalatayud.com\/index.php\/wp-json\/wp\/v2\/posts"}],"about":[{"href":"https:\/\/www.comunidadcalatayud.com\/index.php\/wp-json\/wp\/v2\/types\/post"}],"author":[{"embeddable":true,"href":"https:\/\/www.comunidadcalatayud.com\/index.php\/wp-json\/wp\/v2\/users\/1"}],"replies":[{"embeddable":true,"href":"https:\/\/www.comunidadcalatayud.com\/index.php\/wp-json\/wp\/v2\/comments?post=7490"}],"version-history":[{"count":2,"href":"https:\/\/www.comunidadcalatayud.com\/index.php\/wp-json\/wp\/v2\/posts\/7490\/revisions"}],"predecessor-version":[{"id":7501,"href":"https:\/\/www.comunidadcalatayud.com\/index.php\/wp-json\/wp\/v2\/posts\/7490\/revisions\/7501"}],"wp:attachment":[{"href":"https:\/\/www.comunidadcalatayud.com\/index.php\/wp-json\/wp\/v2\/media?parent=7490"}],"wp:term":[{"taxonomy":"category","embeddable":true,"href":"https:\/\/www.comunidadcalatayud.com\/index.php\/wp-json\/wp\/v2\/categories?post=7490"},{"taxonomy":"post_tag","embeddable":true,"href":"https:\/\/www.comunidadcalatayud.com\/index.php\/wp-json\/wp\/v2\/tags?post=7490"}],"curies":[{"name":"wp","href":"https:\/\/api.w.org\/{rel}","templated":true}]}}