{"id":10272,"date":"2026-09-02T09:10:51","date_gmt":"2026-09-02T09:10:51","guid":{"rendered":"https:\/\/www.comunidadcalatayud.com\/?p=10272"},"modified":"2026-09-02T09:10:51","modified_gmt":"2026-09-02T09:10:51","slug":"asesoria-emocional-joven-de-la-comarca-comunidad-de-calatayud","status":"publish","type":"post","link":"https:\/\/www.comunidadcalatayud.com\/index.php\/2026\/09\/02\/asesoria-emocional-joven-de-la-comarca-comunidad-de-calatayud\/","title":{"rendered":"Asesor\u00eda Emocional Joven de la Comarca Comunidad de Calatayud"},"content":{"rendered":"<p><span class=\"html-span xexx8yu xyri2b x18d9i69 x1c1uobl x1hl2dhg x16tdsg8 x1vvkbs x3nfvp2 x1j61x8r x1fcty0u xdj266r xat24cr xm2jcoa x1mpyi22 xxymvpz xlup9mm x1kky2od\"><img loading=\"lazy\" decoding=\"async\" class=\"xz74otr x15mokao x1ga7v0g x16uus16 xbiv7yw\" src=\"https:\/\/static.xx.fbcdn.net\/images\/emoji.php\/v9\/t6c\/1\/16\/1f499.png\" alt=\"\ud83d\udc99\" width=\"16\" height=\"16\" \/><\/span> Vuelve la<span class=\"html-span xexx8yu xyri2b x18d9i69 x1c1uobl x1hl2dhg x16tdsg8 x1vvkbs x3nfvp2 x1j61x8r x1fcty0u xdj266r xat24cr xm2jcoa x1mpyi22 xxymvpz xlup9mm x1kky2od\"><img loading=\"lazy\" decoding=\"async\" class=\"xz74otr x15mokao x1ga7v0g x16uus16 xbiv7yw\" src=\"https:\/\/static.xx.fbcdn.net\/images\/emoji.php\/v9\/t6c\/1\/16\/1f499.png\" alt=\"\ud83d\udc99\" width=\"16\" height=\"16\" \/><\/span>\u00a0Vuelve la Asesor\u00eda Emocional Joven de la Comarca Comunidad de Calatayud<br class=\"html-br\" \/><br class=\"html-br\" \/>Si tienes entre 14 y 30 a\u00f1os, este servicio gratuito vuelve a estar a tu disposici\u00f3n para ofrecerte un espacio de escucha, orientaci\u00f3n y apoyo emocional con total confidencialidad.<br class=\"html-br\" \/><br class=\"html-br\" \/>Una iniciativa impulsada por la Consejer\u00eda de Juventud de la Comarca Comunidad de Calatayud, con la colaboraci\u00f3n del Instituto Aragon\u00e9s de la Juventud, pensada para acompa\u00f1ar a los j\u00f3venes en su bienestar emocional.<br class=\"html-br\" \/><br class=\"html-br\" \/><span class=\"html-span xexx8yu xyri2b x18d9i69 x1c1uobl x1hl2dhg x16tdsg8 x1vvkbs x3nfvp2 x1j61x8r x1fcty0u xdj266r xat24cr xm2jcoa x1mpyi22 xxymvpz xlup9mm x1kky2od\"><img loading=\"lazy\" decoding=\"async\" class=\"xz74otr x15mokao x1ga7v0g x16uus16 xbiv7yw\" src=\"https:\/\/static.xx.fbcdn.net\/images\/emoji.php\/v9\/td8\/1\/16\/1f4f2.png\" alt=\"\ud83d\udcf2\" width=\"16\" height=\"16\" \/><\/span>\u00a0Solicita tu cita de forma sencilla escaneando el c\u00f3digo QR y rellenando el formulario de inscripci\u00f3n.<br class=\"html-br\" \/><br class=\"html-br\" \/>Porque pedir ayuda tambi\u00e9n es cuidar de ti.\u00a0<span class=\"html-span xexx8yu xyri2b x18d9i69 x1c1uobl x1hl2dhg x16tdsg8 x1vvkbs x3nfvp2 x1j61x8r x1fcty0u xdj266r xat24cr xm2jcoa x1mpyi22 xxymvpz xlup9mm x1kky2od\"><img loading=\"lazy\" decoding=\"async\" class=\"xz74otr x15mokao x1ga7v0g x16uus16 xbiv7yw\" src=\"https:\/\/static.xx.fbcdn.net\/images\/emoji.php\/v9\/t6c\/1\/16\/1f499.png\" alt=\"\ud83d\udc99\" width=\"16\" height=\"16\" \/><\/span><br class=\"html-br\" \/><br class=\"html-br\" \/>Si tienes entre 14 y 30 a\u00f1os, este servicio gratuito vuelve a estar a tu disposici\u00f3n para ofrecerte un espacio de escucha, orientaci\u00f3n y apoyo emocional con total confidencialidad.<br class=\"html-br\" \/><br class=\"html-br\" \/>Una iniciativa impulsada por la Consejer\u00eda de Juventud de la Comarca Comunidad de Calatayud, con la colaboraci\u00f3n del Instituto Aragon\u00e9s de la Juventud, pensada para acompa\u00f1ar a los j\u00f3venes en su bienestar emocional.<br class=\"html-br\" \/><br class=\"html-br\" \/><span class=\"html-span xexx8yu xyri2b x18d9i69 x1c1uobl x1hl2dhg x16tdsg8 x1vvkbs x3nfvp2 x1j61x8r x1fcty0u xdj266r xat24cr xm2jcoa x1mpyi22 xxymvpz xlup9mm x1kky2od\"><img loading=\"lazy\" decoding=\"async\" class=\"xz74otr x15mokao x1ga7v0g x16uus16 xbiv7yw\" src=\"https:\/\/static.xx.fbcdn.net\/images\/emoji.php\/v9\/td8\/1\/16\/1f4f2.png\" alt=\"\ud83d\udcf2\" width=\"16\" height=\"16\" \/><\/span>\u00a0Solicita tu cita de forma sencilla escaneando el c\u00f3digo QR y rellenando el formulario de inscripci\u00f3n.<br class=\"html-br\" \/><br class=\"html-br\" \/>Porque pedir ayuda tambi\u00e9n es cuidar de ti.\u00a0<span class=\"html-span xexx8yu xyri2b x18d9i69 x1c1uobl x1hl2dhg x16tdsg8 x1vvkbs x3nfvp2 x1j61x8r x1fcty0u xdj266r xat24cr xm2jcoa x1mpyi22 xxymvpz xlup9mm x1kky2od\"><img loading=\"lazy\" decoding=\"async\" class=\"xz74otr x15mokao x1ga7v0g x16uus16 xbiv7yw\" src=\"https:\/\/static.xx.fbcdn.net\/images\/emoji.php\/v9\/t6c\/1\/16\/1f499.png\" alt=\"\ud83d\udc99\" width=\"16\" height=\"16\" \/><\/span><\/p>\n","protected":false},"excerpt":{"rendered":"<p class=\"excerpt\">Vuelve la\u00a0Vuelve la Asesor\u00eda Emocional Joven de la Comarca Comunidad de CalatayudSi tienes entre 14 y 30 a\u00f1os, este servicio gratuito vuelve a estar a tu disposici\u00f3n para ofrecerte un espacio de escucha, orientaci\u00f3n y apoyo emocional con total confidencialidad.Una iniciativa impulsada por la Consejer\u00eda de Juventud de la Comarca Comunidad de Calatayud, con la [&hellip;]<\/p>\n","protected":false},"author":2,"featured_media":10271,"comment_status":"closed","ping_status":"closed","sticky":false,"template":"","format":"standard","meta":{"footnotes":""},"categories":[34,41],"tags":[],"class_list":["post-10272","post","type-post","status-publish","format-standard","has-post-thumbnail","hentry","category-accion-social","category-noticias"],"_links":{"self":[{"href":"https:\/\/www.comunidadcalatayud.com\/index.php\/wp-json\/wp\/v2\/posts\/10272","targetHints":{"allow":["GET"]}}],"collection":[{"href":"https:\/\/www.comunidadcalatayud.com\/index.php\/wp-json\/wp\/v2\/posts"}],"about":[{"href":"https:\/\/www.comunidadcalatayud.com\/index.php\/wp-json\/wp\/v2\/types\/post"}],"author":[{"embeddable":true,"href":"https:\/\/www.comunidadcalatayud.com\/index.php\/wp-json\/wp\/v2\/users\/2"}],"replies":[{"embeddable":true,"href":"https:\/\/www.comunidadcalatayud.com\/index.php\/wp-json\/wp\/v2\/comments?post=10272"}],"version-history":[{"count":1,"href":"https:\/\/www.comunidadcalatayud.com\/index.php\/wp-json\/wp\/v2\/posts\/10272\/revisions"}],"predecessor-version":[{"id":10273,"href":"https:\/\/www.comunidadcalatayud.com\/index.php\/wp-json\/wp\/v2\/posts\/10272\/revisions\/10273"}],"wp:featuredmedia":[{"embeddable":true,"href":"https:\/\/www.comunidadcalatayud.com\/index.php\/wp-json\/wp\/v2\/media\/10271"}],"wp:attachment":[{"href":"https:\/\/www.comunidadcalatayud.com\/index.php\/wp-json\/wp\/v2\/media?parent=10272"}],"wp:term":[{"taxonomy":"category","embeddable":true,"href":"https:\/\/www.comunidadcalatayud.com\/index.php\/wp-json\/wp\/v2\/categories?post=10272"},{"taxonomy":"post_tag","embeddable":true,"href":"https:\/\/www.comunidadcalatayud.com\/index.php\/wp-json\/wp\/v2\/tags?post=10272"}],"curies":[{"name":"wp","href":"https:\/\/api.w.org\/{rel}","templated":true}]}}