{"id":10166,"date":"2026-03-09T12:01:52","date_gmt":"2026-03-09T12:01:52","guid":{"rendered":"https:\/\/www.comunidadcalatayud.com\/?p=10166"},"modified":"2026-03-09T12:03:55","modified_gmt":"2026-03-09T12:03:55","slug":"v-campus-deportivo-semana-santa-comunidad-de-calatayud","status":"publish","type":"post","link":"https:\/\/www.comunidadcalatayud.com\/index.php\/2026\/03\/09\/v-campus-deportivo-semana-santa-comunidad-de-calatayud\/","title":{"rendered":"V CAMPUS DEPORTIVO SEMANA SANTA COMUNIDAD DE CALATAYUD"},"content":{"rendered":"<div class=\"\" data-block=\"true\" data-editor=\"a804\" data-offset-key=\"ap8u9-0-0\">\n<div class=\"_1mf _1mj\" data-offset-key=\"ap8u9-0-0\"><span data-offset-key=\"ap8u9-0-0\">V Campus Deportivo de Semana Santa Comunidad de Calatayud.<\/span><\/div>\n<\/div>\n<div class=\"\" data-block=\"true\" data-editor=\"a804\" data-offset-key=\"8uq28-0-0\">\n<div class=\"_1mf _1mj\" data-offset-key=\"8uq28-0-0\"><span data-offset-key=\"8uq28-0-0\">\u00a0<\/span><\/div>\n<\/div>\n<div class=\"\" data-block=\"true\" data-editor=\"a804\" data-offset-key=\"al0cv-0-0\">\n<div class=\"_1mf _1mj\" data-offset-key=\"al0cv-0-0\"><span data-offset-key=\"al0cv-0-0\">El Campus Deportivo se realizar\u00e1 los d\u00edas 30 y 31 de marzo y 1 de abril en el Pabell\u00f3n Polideportivo Municipal de Nu\u00e9valos.<\/span><\/div>\n<\/div>\n<div class=\"\" data-block=\"true\" data-editor=\"a804\" data-offset-key=\"fj48s-0-0\">\n<div class=\"_1mf _1mj\" data-offset-key=\"fj48s-0-0\"><span data-offset-key=\"fj48s-0-0\">\u00a0<\/span><\/div>\n<\/div>\n<div class=\"\" data-block=\"true\" data-editor=\"a804\" data-offset-key=\"t2r5-0-0\">\n<div class=\"_1mf _1mj\" data-offset-key=\"t2r5-0-0\"><span data-offset-key=\"t2r5-0-0\">El horario ser\u00e1 de 9:00h a 14:00h y va dirigido a ni\u00f1os y ni\u00f1as nacidos entre 2014 y 2019.<\/span><\/div>\n<\/div>\n<div class=\"\" data-block=\"true\" data-editor=\"a804\" data-offset-key=\"7k7k1-0-0\">\n<div class=\"_1mf _1mj\" data-offset-key=\"7k7k1-0-0\"><span data-offset-key=\"7k7k1-0-0\">\u00a0<\/span><\/div>\n<\/div>\n<div class=\"\" data-block=\"true\" data-editor=\"a804\" data-offset-key=\"8s87a-0-0\">\n<div class=\"_1mf _1mj\" data-offset-key=\"8s87a-0-0\"><span data-offset-key=\"8s87a-0-0\">El n\u00famero de plazas es de 35 y en el supuesto de que se superase ese n\u00famero, la asignaci\u00f3n de las mismas ser\u00e1 por sorteo informatizado.<\/span><\/div>\n<\/div>\n<div class=\"\" data-block=\"true\" data-editor=\"a804\" data-offset-key=\"2k97d-0-0\">\n<div class=\"_1mf _1mj\" data-offset-key=\"2k97d-0-0\"><span data-offset-key=\"2k97d-0-0\">\u00a0<\/span><\/div>\n<\/div>\n<div class=\"\" data-block=\"true\" data-editor=\"a804\" data-offset-key=\"brcc2-0-0\">\n<div class=\"_1mf _1mj\" data-offset-key=\"brcc2-0-0\"><span data-offset-key=\"brcc2-0-0\">El plazo de inscripci\u00f3n ser\u00e1 hasta el d\u00eda 20 de marzo y las mismas se pueden realizar en los ayuntamientos de la Comarca Comunidad de Calatayud.<\/span><\/div>\n<\/div>\n<div class=\"_1mf _1mj\" data-offset-key=\"3ccjk-0-0\"><span data-offset-key=\"3ccjk-0-0\">\u00a0<\/span><\/div>\n<div data-offset-key=\"3ccjk-0-0\"><em><a href=\"https:\/\/www.comunidadcalatayud.com\/wp-content\/uploads\/2026\/03\/INFORMACION-GENERAL-CAMPUS-DEPORTIVO-SEMANA-SANTA-2026.pdf\"><strong>&#8211;&gt; TODA LA INFORMACI\u00d3N<\/strong><\/a><\/em><\/div>\n<div data-offset-key=\"3ccjk-0-0\"><\/div>\n<div class=\"\" data-block=\"true\" data-editor=\"a804\" data-offset-key=\"7g18p-0-0\">\n<div class=\"_1mf _1mj\" data-offset-key=\"7g18p-0-0\"><span data-offset-key=\"7g18p-0-0\">www.actividadescomunidadcalatayud.es<\/span><\/div>\n<\/div>\n<div data-offset-key=\"7g18p-0-0\"><\/div>\n<div class=\"\" data-block=\"true\" data-editor=\"a804\" data-offset-key=\"7g18p-0-0\">\n<div data-offset-key=\"7g18p-0-0\"><img loading=\"lazy\" decoding=\"async\" class=\"wp-image-10167 aligncenter\" src=\"https:\/\/www.comunidadcalatayud.com\/wp-content\/uploads\/2026\/03\/Diseno-sin-titulo-14.jpg\" alt=\"\" width=\"405\" height=\"573\" srcset=\"https:\/\/www.comunidadcalatayud.com\/wp-content\/uploads\/2026\/03\/Diseno-sin-titulo-14.jpg 1414w, https:\/\/www.comunidadcalatayud.com\/wp-content\/uploads\/2026\/03\/Diseno-sin-titulo-14-212x300.jpg 212w, https:\/\/www.comunidadcalatayud.com\/wp-content\/uploads\/2026\/03\/Diseno-sin-titulo-14-724x1024.jpg 724w, https:\/\/www.comunidadcalatayud.com\/wp-content\/uploads\/2026\/03\/Diseno-sin-titulo-14-768x1086.jpg 768w, https:\/\/www.comunidadcalatayud.com\/wp-content\/uploads\/2026\/03\/Diseno-sin-titulo-14-600x849.jpg 600w, https:\/\/www.comunidadcalatayud.com\/wp-content\/uploads\/2026\/03\/Diseno-sin-titulo-14-1086x1536.jpg 1086w, https:\/\/www.comunidadcalatayud.com\/wp-content\/uploads\/2026\/03\/Diseno-sin-titulo-14-340x480.jpg 340w\" sizes=\"auto, (max-width: 405px) 100vw, 405px\" \/><\/div>\n<\/div>\n","protected":false},"excerpt":{"rendered":"<p class=\"excerpt\">V Campus Deportivo de Semana Santa Comunidad de Calatayud. \u00a0 El Campus Deportivo se realizar\u00e1 los d\u00edas 30 y 31 de marzo y 1 de abril en el Pabell\u00f3n Polideportivo Municipal de Nu\u00e9valos. \u00a0 El horario ser\u00e1 de 9:00h a 14:00h y va dirigido a ni\u00f1os y ni\u00f1as nacidos entre 2014 y 2019. \u00a0 El [&hellip;]<\/p>\n","protected":false},"author":2,"featured_media":10167,"comment_status":"closed","ping_status":"closed","sticky":false,"template":"","format":"standard","meta":{"footnotes":""},"categories":[36,41],"tags":[],"class_list":["post-10166","post","type-post","status-publish","format-standard","has-post-thumbnail","hentry","category-deportes","category-noticias"],"_links":{"self":[{"href":"https:\/\/www.comunidadcalatayud.com\/index.php\/wp-json\/wp\/v2\/posts\/10166","targetHints":{"allow":["GET"]}}],"collection":[{"href":"https:\/\/www.comunidadcalatayud.com\/index.php\/wp-json\/wp\/v2\/posts"}],"about":[{"href":"https:\/\/www.comunidadcalatayud.com\/index.php\/wp-json\/wp\/v2\/types\/post"}],"author":[{"embeddable":true,"href":"https:\/\/www.comunidadcalatayud.com\/index.php\/wp-json\/wp\/v2\/users\/2"}],"replies":[{"embeddable":true,"href":"https:\/\/www.comunidadcalatayud.com\/index.php\/wp-json\/wp\/v2\/comments?post=10166"}],"version-history":[{"count":3,"href":"https:\/\/www.comunidadcalatayud.com\/index.php\/wp-json\/wp\/v2\/posts\/10166\/revisions"}],"predecessor-version":[{"id":10171,"href":"https:\/\/www.comunidadcalatayud.com\/index.php\/wp-json\/wp\/v2\/posts\/10166\/revisions\/10171"}],"wp:featuredmedia":[{"embeddable":true,"href":"https:\/\/www.comunidadcalatayud.com\/index.php\/wp-json\/wp\/v2\/media\/10167"}],"wp:attachment":[{"href":"https:\/\/www.comunidadcalatayud.com\/index.php\/wp-json\/wp\/v2\/media?parent=10166"}],"wp:term":[{"taxonomy":"category","embeddable":true,"href":"https:\/\/www.comunidadcalatayud.com\/index.php\/wp-json\/wp\/v2\/categories?post=10166"},{"taxonomy":"post_tag","embeddable":true,"href":"https:\/\/www.comunidadcalatayud.com\/index.php\/wp-json\/wp\/v2\/tags?post=10166"}],"curies":[{"name":"wp","href":"https:\/\/api.w.org\/{rel}","templated":true}]}}