{"id":10164,"date":"2026-03-06T08:00:30","date_gmt":"2026-03-06T08:00:30","guid":{"rendered":"https:\/\/www.comunidadcalatayud.com\/?p=10164"},"modified":"2026-03-06T08:00:30","modified_gmt":"2026-03-06T08:00:30","slug":"lista-de-alumnos-candidatos-al-programa-experiencial-atencion-socio-sanitaria-calatayud-iv-entrevistas-personales","status":"publish","type":"post","link":"https:\/\/www.comunidadcalatayud.com\/index.php\/2026\/03\/06\/lista-de-alumnos-candidatos-al-programa-experiencial-atencion-socio-sanitaria-calatayud-iv-entrevistas-personales\/","title":{"rendered":"LISTA DE ALUMNOS CANDIDATOS AL PROGRAMA EXPERIENCIAL \u00abATENCI\u00d3N SOCIO SANITARIA CALATAYUD IV\u00bb &#8211; ENTREVISTAS PERSONALES"},"content":{"rendered":"<p><strong>LISTA DE ALUMNOS CANDIDATOS AL PROGRAMA EXPERIENCIAL \u00abATENCI\u00d3N SOCIO<\/strong><br \/>\n<strong>SANITARIA CALATAYUD IV\u00bb, CITADOS PARA REALIZAR ENTREVISTAS PERSONALES<br \/>\n<\/strong><br \/>\nLas personas convocadas deber\u00e1n acudir a realizar una entrevista personal el d\u00eda 9 de marzo<br \/>\nde 2026 a la oficina de empleo. Vendr\u00e1n con la siguiente documentaci\u00f3n: DNI.\/NIE, original de la titulaci\u00f3n<br \/>\nacad\u00e9mica que posean (EGB\/ESO o equivalente) y curriculum vitae actualizado<\/p>\n<p>APELLIDOS Y NOMBRE Y HORA DE ENTREVISTA<\/p>\n<p><em>ALMENAR ANAD\u00d3N LUC\u00cdA &#8211; 9:00<\/em><br \/>\n<em>AR\u00c9VALO GUTI\u00c9RREZ JAZMIN AR\u00c1CELI &#8211; 9:10<\/em><br \/>\n<em>ARRABAL SOBRINO RAQUEL &#8211; 9:20<\/em><br \/>\n<em>ASENSIO LUIS AIMARA &#8211; 9:30<\/em><br \/>\n<em>ASESNIO SIERRA CARMEN BEATRIZ &#8211; 9:40<\/em><br \/>\n<em>BOBTOVA SADAKOVA FATME &#8211; 9:50<\/em><br \/>\n<em>CA\u00d1\u00d3N ALC\u00c1ZAR MAR\u00cdA GLORIA &#8211; 10:00<\/em><br \/>\n<em>CORRAL GOYA MAR\u00cdA ISABEL &#8211; 10:10<\/em><br \/>\n<em>CRUZ RAM\u00cdREZ AMELIA NAZARETH &#8211; 10:20<\/em><br \/>\n<em>CUENCA CHENCHE HADI YAMILETH &#8211; 10:30<\/em><br \/>\n<em>FERN\u00c1NDEZ CABEZ\u00d3N CLAUDIA &#8211; 10:40<\/em><br \/>\n<em>GARC\u00cdA MARCO MAR\u00cdA JOS\u00c9 &#8211; 10:50<\/em><br \/>\n<em>LARRIBA MART\u00cdNEZ CRISTINA &#8211; 11:50<\/em><br \/>\n<em>MADUE\u00d1O D\u00c1VILA ALBA &#8211; 12:00<\/em><br \/>\n<em>MART\u00cdNEZ P\u00c9REZ JES\u00daS MAR\u00cdA &#8211; 12:10<\/em><br \/>\n<em>MONREAL S\u00c1NCHEZ MAR\u00cdA BEGO\u00d1A &#8211; 12.20<\/em><br \/>\n<em>NAVARRO SALVADOR ALBA &#8211; 12:30<\/em><br \/>\n<em>NIETO PARDOS MAR\u00cdA &#8211; 12:40<\/em><br \/>\n<em>OLIVEIRA SANTOS THAIS &#8211; 12:50<\/em><br \/>\n<em>PRICOP HORNAR VIOLETA PAULA &#8211; 13:00<\/em><br \/>\n<em>RAINES SORIANO RUTH &#8211; 13:10<\/em><br \/>\n<em>RANGEL MORA SAILIT &#8211; 13:20<\/em><br \/>\n<em>RUBIO FREIRE NAYLA &#8211; 13:30<\/em><br \/>\n<em>SPATACEAN DANA FLORINA &#8211; 13:40<\/em><br \/>\n<em>SUE ACOSTA BEATRIZ DEL CARMEN &#8211; 13:50<\/em><br \/>\n<em>VALD\u00c9S PERILES ALFREDO &#8211; 14:00<\/em><br \/>\n<em>VALEAN IOANA &#8211; 14:10<\/em><br \/>\n<em>VERA MATEO DANIEL &#8211; 14:20<\/em><\/p>\n<p>NOTA: El horario asignado puede variar en funci\u00f3n del desarrollo de las entrevistas.<\/p>\n<p><strong><em><a href=\"https:\/\/www.comunidadcalatayud.com\/wp-content\/uploads\/2026\/03\/Relacion-alumnos-entrevista.pdf\">&#8211;&gt; LISTA COMPLETA<\/a><\/em><\/strong><\/p>\n","protected":false},"excerpt":{"rendered":"<p class=\"excerpt\">LISTA DE ALUMNOS CANDIDATOS AL PROGRAMA EXPERIENCIAL \u00abATENCI\u00d3N SOCIO SANITARIA CALATAYUD IV\u00bb, CITADOS PARA REALIZAR ENTREVISTAS PERSONALES Las personas convocadas deber\u00e1n acudir a realizar una entrevista personal el d\u00eda 9 de marzo de 2026 a la oficina de empleo. Vendr\u00e1n con la siguiente documentaci\u00f3n: DNI.\/NIE, original de la titulaci\u00f3n acad\u00e9mica que posean (EGB\/ESO o equivalente) [&hellip;]<\/p>\n","protected":false},"author":2,"featured_media":10151,"comment_status":"closed","ping_status":"closed","sticky":false,"template":"","format":"standard","meta":{"footnotes":""},"categories":[43,41],"tags":[],"class_list":["post-10164","post","type-post","status-publish","format-standard","has-post-thumbnail","hentry","category-empleo-publico","category-noticias"],"_links":{"self":[{"href":"https:\/\/www.comunidadcalatayud.com\/index.php\/wp-json\/wp\/v2\/posts\/10164","targetHints":{"allow":["GET"]}}],"collection":[{"href":"https:\/\/www.comunidadcalatayud.com\/index.php\/wp-json\/wp\/v2\/posts"}],"about":[{"href":"https:\/\/www.comunidadcalatayud.com\/index.php\/wp-json\/wp\/v2\/types\/post"}],"author":[{"embeddable":true,"href":"https:\/\/www.comunidadcalatayud.com\/index.php\/wp-json\/wp\/v2\/users\/2"}],"replies":[{"embeddable":true,"href":"https:\/\/www.comunidadcalatayud.com\/index.php\/wp-json\/wp\/v2\/comments?post=10164"}],"version-history":[{"count":1,"href":"https:\/\/www.comunidadcalatayud.com\/index.php\/wp-json\/wp\/v2\/posts\/10164\/revisions"}],"predecessor-version":[{"id":10165,"href":"https:\/\/www.comunidadcalatayud.com\/index.php\/wp-json\/wp\/v2\/posts\/10164\/revisions\/10165"}],"wp:featuredmedia":[{"embeddable":true,"href":"https:\/\/www.comunidadcalatayud.com\/index.php\/wp-json\/wp\/v2\/media\/10151"}],"wp:attachment":[{"href":"https:\/\/www.comunidadcalatayud.com\/index.php\/wp-json\/wp\/v2\/media?parent=10164"}],"wp:term":[{"taxonomy":"category","embeddable":true,"href":"https:\/\/www.comunidadcalatayud.com\/index.php\/wp-json\/wp\/v2\/categories?post=10164"},{"taxonomy":"post_tag","embeddable":true,"href":"https:\/\/www.comunidadcalatayud.com\/index.php\/wp-json\/wp\/v2\/tags?post=10164"}],"curies":[{"name":"wp","href":"https:\/\/api.w.org\/{rel}","templated":true}]}}