{"id":10097,"date":"2025-11-03T22:23:04","date_gmt":"2025-11-03T22:23:04","guid":{"rendered":"https:\/\/www.comunidadcalatayud.com\/?p=10097"},"modified":"2025-11-03T22:23:04","modified_gmt":"2025-11-03T22:23:04","slug":"la-caravana-escape-room-llega-a-la-comarca-comunidad-de-calatayud","status":"publish","type":"post","link":"https:\/\/www.comunidadcalatayud.com\/index.php\/2025\/11\/03\/la-caravana-escape-room-llega-a-la-comarca-comunidad-de-calatayud\/","title":{"rendered":"La Caravana Escape Room llega a la Comarca Comunidad de Calatayud"},"content":{"rendered":"<p data-start=\"239\" data-end=\"547\">La <strong data-start=\"277\" data-end=\"311\">Comarca Comunidad de Calatayud<\/strong>, en colaboraci\u00f3n con el <strong data-start=\"336\" data-end=\"379\">Instituto Aragon\u00e9s de la Juventud (IAJ)<\/strong>, acoger\u00e1 el pr\u00f3ximo fin de semana la actividad <strong data-start=\"427\" data-end=\"456\">\u201cLa Caravana Escape Room\u201d<\/strong>, una innovadora propuesta de ocio juvenil que recorrer\u00e1 diferentes municipios de Arag\u00f3n.<\/p>\n<p data-start=\"549\" data-end=\"766\">La actividad se desarrollar\u00e1 desde el <strong data-start=\"587\" data-end=\"632\">viernes 7 hasta el domingo 9 de noviembre<\/strong> en el <strong>parking\u00a0del Palacio de la Comunidad de Calatayud<\/strong> (entrada por <strong data-start=\"704\" data-end=\"731\">Paseo Ram\u00f3n y Cajal, 26<\/strong>, frente a la gasolinera Repsol).<\/p>\n<p data-start=\"768\" data-end=\"1091\">La <strong data-start=\"771\" data-end=\"795\">Caravana Escape Room<\/strong> est\u00e1 dirigida a <strong data-start=\"812\" data-end=\"845\">j\u00f3venes de entre 16 y 30 a\u00f1os<\/strong>, que podr\u00e1n participar en grupos de <strong data-start=\"882\" data-end=\"900\">3 a 5 personas<\/strong>. Durante la experiencia, los participantes pondr\u00e1n a prueba su <strong data-start=\"964\" data-end=\"1027\">ingenio, cooperaci\u00f3n y capacidad de resoluci\u00f3n de problemas<\/strong> para superar un reto en equipo dentro del tiempo establecido.<\/p>\n<p data-start=\"1093\" data-end=\"1281\">La participaci\u00f3n es <strong data-start=\"1113\" data-end=\"1136\">totalmente gratuita<\/strong>, aunque requiere <strong data-start=\"1154\" data-end=\"1172\">reserva previa<\/strong> a trav\u00e9s de la p\u00e1gina web oficial \ud83d\udc49 <a class=\"decorated-link\" href=\"https:\/\/www.lacaravanaescaperoom.com\" target=\"_new\" rel=\"noopener\" data-start=\"1210\" data-end=\"1278\">www.lacaravanaescaperoom.com<\/a>.<\/p>\n<p data-start=\"1283\" data-end=\"1541\">Esta propuesta, promovida por el Instituto Aragon\u00e9s de la Juventud, tiene como objetivo <strong data-start=\"1371\" data-end=\"1429\">ofrecer alternativas de ocio saludable y participativo<\/strong> a la juventud, fomentando el trabajo en equipo, la comunicaci\u00f3n y la toma de decisiones en un entorno l\u00fadico.<\/p>\n<p data-start=\"1543\" data-end=\"1808\">Con iniciativas como esta, la <strong data-start=\"1573\" data-end=\"1607\">Comarca Comunidad de Calatayud<\/strong> reafirma su compromiso con el fomento de la <strong data-start=\"1652\" data-end=\"1677\">participaci\u00f3n juvenil<\/strong>, la innovaci\u00f3n en el tiempo libre y la creaci\u00f3n de espacios donde los j\u00f3venes puedan aprender y disfrutar de manera responsable.<\/p>\n<p data-start=\"1543\" data-end=\"1808\"><img loading=\"lazy\" decoding=\"async\" class=\"alignnone size-full wp-image-10096\" src=\"https:\/\/www.comunidadcalatayud.com\/wp-content\/uploads\/2025\/11\/CARTEL_LA-CARAVANA_ESCAPE_ROOM-scaled.jpg\" alt=\"\" width=\"1811\" height=\"2560\" srcset=\"https:\/\/www.comunidadcalatayud.com\/wp-content\/uploads\/2025\/11\/CARTEL_LA-CARAVANA_ESCAPE_ROOM-scaled.jpg 1811w, https:\/\/www.comunidadcalatayud.com\/wp-content\/uploads\/2025\/11\/CARTEL_LA-CARAVANA_ESCAPE_ROOM-212x300.jpg 212w, https:\/\/www.comunidadcalatayud.com\/wp-content\/uploads\/2025\/11\/CARTEL_LA-CARAVANA_ESCAPE_ROOM-725x1024.jpg 725w, https:\/\/www.comunidadcalatayud.com\/wp-content\/uploads\/2025\/11\/CARTEL_LA-CARAVANA_ESCAPE_ROOM-768x1085.jpg 768w, https:\/\/www.comunidadcalatayud.com\/wp-content\/uploads\/2025\/11\/CARTEL_LA-CARAVANA_ESCAPE_ROOM-600x848.jpg 600w, https:\/\/www.comunidadcalatayud.com\/wp-content\/uploads\/2025\/11\/CARTEL_LA-CARAVANA_ESCAPE_ROOM-1087x1536.jpg 1087w, https:\/\/www.comunidadcalatayud.com\/wp-content\/uploads\/2025\/11\/CARTEL_LA-CARAVANA_ESCAPE_ROOM-1449x2048.jpg 1449w, https:\/\/www.comunidadcalatayud.com\/wp-content\/uploads\/2025\/11\/CARTEL_LA-CARAVANA_ESCAPE_ROOM-340x480.jpg 340w\" sizes=\"auto, (max-width: 1811px) 100vw, 1811px\" \/><\/p>\n","protected":false},"excerpt":{"rendered":"<p class=\"excerpt\">La Comarca Comunidad de Calatayud, en colaboraci\u00f3n con el Instituto Aragon\u00e9s de la Juventud (IAJ), acoger\u00e1 el pr\u00f3ximo fin de semana la actividad \u201cLa Caravana Escape Room\u201d, una innovadora propuesta de ocio juvenil que recorrer\u00e1 diferentes municipios de Arag\u00f3n. La actividad se desarrollar\u00e1 desde el viernes 7 hasta el domingo 9 de noviembre en el [&hellip;]<\/p>\n","protected":false},"author":2,"featured_media":10096,"comment_status":"closed","ping_status":"closed","sticky":false,"template":"","format":"standard","meta":{"footnotes":""},"categories":[40,41],"tags":[],"class_list":["post-10097","post","type-post","status-publish","format-standard","has-post-thumbnail","hentry","category-juventud","category-noticias"],"_links":{"self":[{"href":"https:\/\/www.comunidadcalatayud.com\/index.php\/wp-json\/wp\/v2\/posts\/10097","targetHints":{"allow":["GET"]}}],"collection":[{"href":"https:\/\/www.comunidadcalatayud.com\/index.php\/wp-json\/wp\/v2\/posts"}],"about":[{"href":"https:\/\/www.comunidadcalatayud.com\/index.php\/wp-json\/wp\/v2\/types\/post"}],"author":[{"embeddable":true,"href":"https:\/\/www.comunidadcalatayud.com\/index.php\/wp-json\/wp\/v2\/users\/2"}],"replies":[{"embeddable":true,"href":"https:\/\/www.comunidadcalatayud.com\/index.php\/wp-json\/wp\/v2\/comments?post=10097"}],"version-history":[{"count":1,"href":"https:\/\/www.comunidadcalatayud.com\/index.php\/wp-json\/wp\/v2\/posts\/10097\/revisions"}],"predecessor-version":[{"id":10098,"href":"https:\/\/www.comunidadcalatayud.com\/index.php\/wp-json\/wp\/v2\/posts\/10097\/revisions\/10098"}],"wp:featuredmedia":[{"embeddable":true,"href":"https:\/\/www.comunidadcalatayud.com\/index.php\/wp-json\/wp\/v2\/media\/10096"}],"wp:attachment":[{"href":"https:\/\/www.comunidadcalatayud.com\/index.php\/wp-json\/wp\/v2\/media?parent=10097"}],"wp:term":[{"taxonomy":"category","embeddable":true,"href":"https:\/\/www.comunidadcalatayud.com\/index.php\/wp-json\/wp\/v2\/categories?post=10097"},{"taxonomy":"post_tag","embeddable":true,"href":"https:\/\/www.comunidadcalatayud.com\/index.php\/wp-json\/wp\/v2\/tags?post=10097"}],"curies":[{"name":"wp","href":"https:\/\/api.w.org\/{rel}","templated":true}]}}