{"id":10067,"date":"2025-07-31T20:23:04","date_gmt":"2025-07-31T20:23:04","guid":{"rendered":"https:\/\/www.comunidadcalatayud.com\/?p=10067"},"modified":"2025-07-31T20:24:48","modified_gmt":"2025-07-31T20:24:48","slug":"abierto-el-plazo-de-inscripciones-para-la-campana-deportiva-23-24-2","status":"publish","type":"post","link":"https:\/\/www.comunidadcalatayud.com\/index.php\/2025\/07\/31\/abierto-el-plazo-de-inscripciones-para-la-campana-deportiva-23-24-2\/","title":{"rendered":"ABIERTO EL PLAZO DE INSCRIPCIONES PARA LA CAMPA\u00d1A DEPORTIVA 25-26"},"content":{"rendered":"<div class=\"x11i5rnm xat24cr x1mh8g0r x1vvkbs xtlvy1s x126k92a\">\n<div dir=\"auto\">La Comarca Comunidad de Calatayud abre los plazos de inscripci\u00f3n para la <strong>campa\u00f1a deportiva 2025-2026<\/strong>, que dar\u00e1 comienzo el<strong> \u00a022 de septiembre de 2025 al 17 de junio de 2026.<\/strong><\/div>\n<div dir=\"auto\"><\/div>\n<\/div>\n<div class=\"x11i5rnm xat24cr x1mh8g0r x1vvkbs xtlvy1s x126k92a\">\n<div dir=\"auto\">Las inscripciones pueden realizarse del 5 de agosto al 5 de septiembre en los ayuntamientos participantes.<\/div>\n<div dir=\"auto\"><\/div>\n<\/div>\n<div dir=\"auto\">Se pueden consultar todas las actividades que se pueden realizar en el siguiente enlace:<\/div>\n<div class=\"xdj266r x11i5rnm xat24cr x1mh8g0r x1vvkbs x126k92a\"><\/div>\n<div><\/div>\n<div dir=\"auto\">\n<div class=\"x11i5rnm xat24cr x1mh8g0r x1vvkbs xtlvy1s x126k92a\">\n<div dir=\"auto\"><strong><a href=\"https:\/\/www.comunidadcalatayud.com\/wp-content\/uploads\/2025\/07\/flyer-ACTIVIDADES-CAMPANA-DEPORTIVA-2025-2026.pdf\">-&gt; ACTIVIDADES CAMPAN\u0303A DEPORTIVA 2025-2026<\/a><\/strong><\/div>\n<\/div>\n<\/div>\n<p>&nbsp;<\/p>\n<p><img loading=\"lazy\" decoding=\"async\" class=\"wp-image-9559 aligncenter\" src=\"https:\/\/www.comunidadcalatayud.com\/wp-content\/uploads\/2023\/08\/IMG-20180414-WA0018-1.jpg\" alt=\"\" width=\"389\" height=\"355\" \/><\/p>\n","protected":false},"excerpt":{"rendered":"<p class=\"excerpt\">La Comarca Comunidad de Calatayud abre los plazos de inscripci\u00f3n para la campa\u00f1a deportiva 2025-2026, que dar\u00e1 comienzo el \u00a022 de septiembre de 2025 al 17 de junio de 2026. Las inscripciones pueden realizarse del 5 de agosto al 5 de septiembre en los ayuntamientos participantes. Se pueden consultar todas las actividades que se pueden [&hellip;]<\/p>\n","protected":false},"author":2,"featured_media":9559,"comment_status":"closed","ping_status":"closed","sticky":false,"template":"","format":"standard","meta":{"footnotes":""},"categories":[36],"tags":[],"class_list":["post-10067","post","type-post","status-publish","format-standard","has-post-thumbnail","hentry","category-deportes"],"_links":{"self":[{"href":"https:\/\/www.comunidadcalatayud.com\/index.php\/wp-json\/wp\/v2\/posts\/10067","targetHints":{"allow":["GET"]}}],"collection":[{"href":"https:\/\/www.comunidadcalatayud.com\/index.php\/wp-json\/wp\/v2\/posts"}],"about":[{"href":"https:\/\/www.comunidadcalatayud.com\/index.php\/wp-json\/wp\/v2\/types\/post"}],"author":[{"embeddable":true,"href":"https:\/\/www.comunidadcalatayud.com\/index.php\/wp-json\/wp\/v2\/users\/2"}],"replies":[{"embeddable":true,"href":"https:\/\/www.comunidadcalatayud.com\/index.php\/wp-json\/wp\/v2\/comments?post=10067"}],"version-history":[{"count":3,"href":"https:\/\/www.comunidadcalatayud.com\/index.php\/wp-json\/wp\/v2\/posts\/10067\/revisions"}],"predecessor-version":[{"id":10071,"href":"https:\/\/www.comunidadcalatayud.com\/index.php\/wp-json\/wp\/v2\/posts\/10067\/revisions\/10071"}],"wp:featuredmedia":[{"embeddable":true,"href":"https:\/\/www.comunidadcalatayud.com\/index.php\/wp-json\/wp\/v2\/media\/9559"}],"wp:attachment":[{"href":"https:\/\/www.comunidadcalatayud.com\/index.php\/wp-json\/wp\/v2\/media?parent=10067"}],"wp:term":[{"taxonomy":"category","embeddable":true,"href":"https:\/\/www.comunidadcalatayud.com\/index.php\/wp-json\/wp\/v2\/categories?post=10067"},{"taxonomy":"post_tag","embeddable":true,"href":"https:\/\/www.comunidadcalatayud.com\/index.php\/wp-json\/wp\/v2\/tags?post=10067"}],"curies":[{"name":"wp","href":"https:\/\/api.w.org\/{rel}","templated":true}]}}