{"id":10006,"date":"2025-06-17T08:38:41","date_gmt":"2025-06-17T08:38:41","guid":{"rendered":"https:\/\/www.comunidadcalatayud.com\/?p=10006"},"modified":"2025-06-17T08:38:41","modified_gmt":"2025-06-17T08:38:41","slug":"actividades-nauticas-en-el-embalse-de-la-tranquera-julio-2025","status":"publish","type":"post","link":"https:\/\/www.comunidadcalatayud.com\/index.php\/2025\/06\/17\/actividades-nauticas-en-el-embalse-de-la-tranquera-julio-2025\/","title":{"rendered":"Actividades n\u00e1uticas en el embalse de La Tranquera \u2013 Julio 2025"},"content":{"rendered":"<h4 data-start=\"923\" data-end=\"991\">Actividades n\u00e1uticas en el embalse de La Tranquera \u2013 Julio 2025<\/h4>\n<p data-start=\"993\" data-end=\"1243\">La Comarca Comunidad de Calatayud organiza durante el mes de julio de 2025 unas jornadas de actividades n\u00e1uticas en el embalse de La Tranquera, en colaboraci\u00f3n con la empresa especializada en turismo activo Eduardo Catal\u00e1n Romay (RIO CASPE AVENTURA).<\/p>\n<p data-start=\"1245\" data-end=\"1481\"><strong data-start=\"1245\" data-end=\"1276\">Fechas y turnos disponibles<\/strong><br data-start=\"1276\" data-end=\"1279\" \/>Las actividades se realizar\u00e1n los d\u00edas <strong data-start=\"1318\" data-end=\"1346\">12, 13, 26 y 27 de julio<\/strong>, en turnos de 1 hora y 30 minutos para grupos reducidos de 8 personas. Cada jornada ofrece varios turnos durante la ma\u00f1ana y la tarde.<\/p>\n<p data-start=\"1483\" data-end=\"1511\"><strong data-start=\"1483\" data-end=\"1509\">Actividades incluidas:<\/strong><\/p>\n<ul data-start=\"1512\" data-end=\"1639\">\n<li data-start=\"1512\" data-end=\"1521\">\n<p data-start=\"1514\" data-end=\"1521\">Kayak<\/p>\n<\/li>\n<li data-start=\"1522\" data-end=\"1639\">\n<p data-start=\"1524\" data-end=\"1639\">Paddle Surf (SUP)<br data-start=\"1541\" data-end=\"1544\" \/>Incluyen todo el material necesario, seguro de responsabilidad civil y monitores profesionales.<\/p>\n<\/li>\n<\/ul>\n<p data-start=\"1641\" data-end=\"1722\"><strong data-start=\"1641\" data-end=\"1657\">Edad m\u00ednima:<\/strong> 12 a\u00f1os cumplidos<br data-start=\"1675\" data-end=\"1678\" \/><strong data-start=\"1678\" data-end=\"1703\">Precio por actividad:<\/strong> 9,50 \u20ac por persona<\/p>\n<p data-start=\"1724\" data-end=\"1933\"><strong data-start=\"1724\" data-end=\"1734\">Lugar:<\/strong> Zona del pinar de la presa del embalse de La Tranquera (Nu\u00e9valos).<br data-start=\"1801\" data-end=\"1804\" \/><strong data-start=\"1804\" data-end=\"1824\">Recomendaciones:<\/strong> Ba\u00f1ador, camiseta para mojar, escarpines o chanclas atadas, crema solar y gorra. No hay vestuarios ni ba\u00f1os.<\/p>\n<p data-start=\"1935\" data-end=\"2127\"><strong data-start=\"1935\" data-end=\"1961\">Inscripciones abiertas<\/strong> hasta completar aforo.<\/p>\n<p><strong>Inscripciones:<\/strong> <a href=\"https:\/\/apuntame.click\/evento\/actividades-nauticas-en-la-tranquera-nuevalos-julio-2025\">AQUI<\/a><\/p>\n<p data-start=\"1935\" data-end=\"2127\"><strong>Informaci\u00f3n completa de la actividad:<\/strong> <a href=\"https:\/\/www.comunidadcalatayud.com\/wp-content\/uploads\/2025\/06\/Informacion-actividades-nauticas-Comarca-Comunidad-de-Calatayud-La-Tranquera-2025-2.pdf\">AQUI<\/a><\/p>\n<p data-start=\"1935\" data-end=\"2127\"><img loading=\"lazy\" decoding=\"async\" class=\"wp-image-10005 aligncenter\" src=\"https:\/\/www.comunidadcalatayud.com\/wp-content\/uploads\/2025\/06\/Diseno-sin-titulo-29.png\" alt=\"\" width=\"600\" height=\"750\" srcset=\"https:\/\/www.comunidadcalatayud.com\/wp-content\/uploads\/2025\/06\/Diseno-sin-titulo-29.png 1080w, https:\/\/www.comunidadcalatayud.com\/wp-content\/uploads\/2025\/06\/Diseno-sin-titulo-29-240x300.png 240w, https:\/\/www.comunidadcalatayud.com\/wp-content\/uploads\/2025\/06\/Diseno-sin-titulo-29-819x1024.png 819w, https:\/\/www.comunidadcalatayud.com\/wp-content\/uploads\/2025\/06\/Diseno-sin-titulo-29-768x960.png 768w, https:\/\/www.comunidadcalatayud.com\/wp-content\/uploads\/2025\/06\/Diseno-sin-titulo-29-600x750.png 600w\" sizes=\"auto, (max-width: 600px) 100vw, 600px\" \/><\/p>\n","protected":false},"excerpt":{"rendered":"<p class=\"excerpt\">Actividades n\u00e1uticas en el embalse de La Tranquera \u2013 Julio 2025 La Comarca Comunidad de Calatayud organiza durante el mes de julio de 2025 unas jornadas de actividades n\u00e1uticas en el embalse de La Tranquera, en colaboraci\u00f3n con la empresa especializada en turismo activo Eduardo Catal\u00e1n Romay (RIO CASPE AVENTURA). Fechas y turnos disponiblesLas actividades [&hellip;]<\/p>\n","protected":false},"author":2,"featured_media":10005,"comment_status":"closed","ping_status":"closed","sticky":false,"template":"","format":"standard","meta":{"footnotes":""},"categories":[36,41],"tags":[],"class_list":["post-10006","post","type-post","status-publish","format-standard","has-post-thumbnail","hentry","category-deportes","category-noticias"],"_links":{"self":[{"href":"https:\/\/www.comunidadcalatayud.com\/index.php\/wp-json\/wp\/v2\/posts\/10006","targetHints":{"allow":["GET"]}}],"collection":[{"href":"https:\/\/www.comunidadcalatayud.com\/index.php\/wp-json\/wp\/v2\/posts"}],"about":[{"href":"https:\/\/www.comunidadcalatayud.com\/index.php\/wp-json\/wp\/v2\/types\/post"}],"author":[{"embeddable":true,"href":"https:\/\/www.comunidadcalatayud.com\/index.php\/wp-json\/wp\/v2\/users\/2"}],"replies":[{"embeddable":true,"href":"https:\/\/www.comunidadcalatayud.com\/index.php\/wp-json\/wp\/v2\/comments?post=10006"}],"version-history":[{"count":1,"href":"https:\/\/www.comunidadcalatayud.com\/index.php\/wp-json\/wp\/v2\/posts\/10006\/revisions"}],"predecessor-version":[{"id":10007,"href":"https:\/\/www.comunidadcalatayud.com\/index.php\/wp-json\/wp\/v2\/posts\/10006\/revisions\/10007"}],"wp:featuredmedia":[{"embeddable":true,"href":"https:\/\/www.comunidadcalatayud.com\/index.php\/wp-json\/wp\/v2\/media\/10005"}],"wp:attachment":[{"href":"https:\/\/www.comunidadcalatayud.com\/index.php\/wp-json\/wp\/v2\/media?parent=10006"}],"wp:term":[{"taxonomy":"category","embeddable":true,"href":"https:\/\/www.comunidadcalatayud.com\/index.php\/wp-json\/wp\/v2\/categories?post=10006"},{"taxonomy":"post_tag","embeddable":true,"href":"https:\/\/www.comunidadcalatayud.com\/index.php\/wp-json\/wp\/v2\/tags?post=10006"}],"curies":[{"name":"wp","href":"https:\/\/api.w.org\/{rel}","templated":true}]}}