{"id":10001,"date":"2025-06-16T09:46:51","date_gmt":"2025-06-16T09:46:51","guid":{"rendered":"https:\/\/www.comunidadcalatayud.com\/?p=10001"},"modified":"2025-06-16T09:46:51","modified_gmt":"2025-06-16T09:46:51","slug":"ayudas-a-deportistas-destacados-jovenes-2","status":"publish","type":"post","link":"https:\/\/www.comunidadcalatayud.com\/index.php\/2025\/06\/16\/ayudas-a-deportistas-destacados-jovenes-2\/","title":{"rendered":"Ayudas a Deportistas Destacados J\u00f3venes"},"content":{"rendered":"<p>El objeto de la presente convocatoria lo constituye la concesi\u00f3n de ayudas a deportistas Individuales destacados j\u00f3venes, no profesionales, de la Comarca Comunidad de Calatayud, con el fin de facilitar a dichos deportistas la pr\u00e1ctica deportiva, entrenamiento y participaci\u00f3n en las competiciones oficiales de alto nivel de \u00e1mbito nacional e internacional, valorando as\u00ed su especial dedicaci\u00f3n al deporte, y a su vez, la difusi\u00f3n que realizan de la Comarca de la Comunidad de Calatayud en los diferentes eventos deportivos. Las ayudas concedidas lo ser\u00e1n, en su caso, efectuando la valoraci\u00f3n en base a los resultados de \u00e1mbito nacional o internacional obtenidos individualmente o por equipo por los deportistas a lo largo de la temporada deportiva, su selecci\u00f3n por la federaci\u00f3n deportiva nacional correspondiente, su historial deportivo y marcas oficiales.<\/p>\n<p>La concesi\u00f3n de las ayudas convocadas se efectuar\u00e1 en r\u00e9gimen de concurrencia competitiva.<\/p>\n<ul>\n<li><a href=\"https:\/\/www.comunidadcalatayud.com\/wp-content\/uploads\/2025\/06\/Bases-y-anexos-Ayudas-Deportistas-Destacados-Jovenes-Comarca-Comunidad-de-Calatayud-2024-2025.pdf\">BASES REGULADORAS Y ANEXOS<\/a><\/li>\n<li><a href=\"https:\/\/www.comunidadcalatayud.com\/wp-content\/uploads\/2025\/06\/BDNS-DEPORTISTAS-DESTACADOS.-BOPZ.pdf\">PUBLICACION EN EL BOP<\/a><\/li>\n<\/ul>\n","protected":false},"excerpt":{"rendered":"<p class=\"excerpt\">El objeto de la presente convocatoria lo constituye la concesi\u00f3n de ayudas a deportistas Individuales destacados j\u00f3venes, no profesionales, de la Comarca Comunidad de Calatayud, con el fin de facilitar a dichos deportistas la pr\u00e1ctica deportiva, entrenamiento y participaci\u00f3n en las competiciones oficiales de alto nivel de \u00e1mbito nacional e internacional, valorando as\u00ed su especial [&hellip;]<\/p>\n","protected":false},"author":2,"featured_media":7614,"comment_status":"closed","ping_status":"closed","sticky":false,"template":"","format":"standard","meta":{"footnotes":""},"categories":[36,41,44],"tags":[],"class_list":["post-10001","post","type-post","status-publish","format-standard","has-post-thumbnail","hentry","category-deportes","category-noticias","category-subvenciones"],"_links":{"self":[{"href":"https:\/\/www.comunidadcalatayud.com\/index.php\/wp-json\/wp\/v2\/posts\/10001","targetHints":{"allow":["GET"]}}],"collection":[{"href":"https:\/\/www.comunidadcalatayud.com\/index.php\/wp-json\/wp\/v2\/posts"}],"about":[{"href":"https:\/\/www.comunidadcalatayud.com\/index.php\/wp-json\/wp\/v2\/types\/post"}],"author":[{"embeddable":true,"href":"https:\/\/www.comunidadcalatayud.com\/index.php\/wp-json\/wp\/v2\/users\/2"}],"replies":[{"embeddable":true,"href":"https:\/\/www.comunidadcalatayud.com\/index.php\/wp-json\/wp\/v2\/comments?post=10001"}],"version-history":[{"count":1,"href":"https:\/\/www.comunidadcalatayud.com\/index.php\/wp-json\/wp\/v2\/posts\/10001\/revisions"}],"predecessor-version":[{"id":10002,"href":"https:\/\/www.comunidadcalatayud.com\/index.php\/wp-json\/wp\/v2\/posts\/10001\/revisions\/10002"}],"wp:featuredmedia":[{"embeddable":true,"href":"https:\/\/www.comunidadcalatayud.com\/index.php\/wp-json\/wp\/v2\/media\/7614"}],"wp:attachment":[{"href":"https:\/\/www.comunidadcalatayud.com\/index.php\/wp-json\/wp\/v2\/media?parent=10001"}],"wp:term":[{"taxonomy":"category","embeddable":true,"href":"https:\/\/www.comunidadcalatayud.com\/index.php\/wp-json\/wp\/v2\/categories?post=10001"},{"taxonomy":"post_tag","embeddable":true,"href":"https:\/\/www.comunidadcalatayud.com\/index.php\/wp-json\/wp\/v2\/tags?post=10001"}],"curies":[{"name":"wp","href":"https:\/\/api.w.org\/{rel}","templated":true}]}}